{"id":2449,"date":"2019-09-27T13:07:30","date_gmt":"2019-09-27T16:07:30","guid":{"rendered":"http:\/\/www.santaritadopassaquatro.sp.gov.br\/portal\/?p=2449"},"modified":"2019-09-27T13:07:30","modified_gmt":"2019-09-27T16:07:30","slug":"departamento-de-agricultura-e-meio-ambiente-oferece-curso-sobre-principios-de-poda-de-arvores-urbanas","status":"publish","type":"post","link":"https:\/\/www.santaritadopassaquatro.sp.gov.br\/portal\/departamento-de-agricultura-e-meio-ambiente-oferece-curso-sobre-principios-de-poda-de-arvores-urbanas\/","title":{"rendered":"Departamento de Agricultura e Meio Ambiente oferece curso sobre Princ\u00edpios de Poda de \u00c1rvores Urbanas"},"content":{"rendered":"<h3><img decoding=\"async\" class=\"size-medium wp-image-2451 alignleft\" src=\"http:\/\/www.santaritadopassaquatro.sp.gov.br\/portal\/wp-content\/uploads\/2019\/09\/foto-15-228x300.png\" alt=\"\" width=\"228\" height=\"300\" srcset=\"https:\/\/www.santaritadopassaquatro.sp.gov.br\/portal\/wp-content\/uploads\/2019\/09\/foto-15-228x300.png 228w, https:\/\/www.santaritadopassaquatro.sp.gov.br\/portal\/wp-content\/uploads\/2019\/09\/foto-15.png 331w\" sizes=\"(max-width: 228px) 100vw, 228px\" \/>No \u00faltimo dia 26 de setembro de 2019, foi realizado no munic\u00edpio de Santa Rita do Passa Quatro, uma capacita\u00e7\u00e3o sobre poda de \u00e1rvores urbanas na ETEC \u201cManoel dos Reis Ara\u00fajo\u201d.<br \/>\nO curso foi ministrado pelo Engenheiro Agr\u00f4nomo Armando Peron Neto, funcion\u00e1rio do departamento de Agricultura e Meio Ambiente de Santa Rita do Passa Quatro, que participou no dia anterior do curso em Salto \u2013 SP oferecido pelo Programa Munic\u00edpio Verde Azul.<br \/>\nDurante o curso foram abordados assuntos como Conselho Municipal, regulamenta\u00e7\u00f5es, poda de forma\u00e7\u00e3o, poda criteriosa, evitar super brota\u00e7\u00e3o, entre outros.<br \/>\nParticiparam da capacita\u00e7\u00e3o alunos do curso de T\u00e9cnico Agr\u00edcola da ETEC e os funcion\u00e1rios<\/h3>\n<h3>\u00a0do Departamento de Servi\u00e7os Municipais que fazem a realiza\u00e7\u00e3o das podas no munic\u00edpio.<\/h3>\n<p><img decoding=\"async\" class=\"size-medium wp-image-2450 alignleft\" src=\"http:\/\/www.santaritadopassaquatro.sp.gov.br\/portal\/wp-content\/uploads\/2019\/09\/foto-14-300x187.png\" alt=\"\" width=\"300\" height=\"187\" srcset=\"https:\/\/www.santaritadopassaquatro.sp.gov.br\/portal\/wp-content\/uploads\/2019\/09\/foto-14-300x187.png 300w, https:\/\/www.santaritadopassaquatro.sp.gov.br\/portal\/wp-content\/uploads\/2019\/09\/foto-14.png 603w\" sizes=\"(max-width: 300px) 100vw, 300px\" \/><\/p>\n","protected":false},"excerpt":{"rendered":"<p>No \u00faltimo dia 26 de setembro de 2019, foi realizado no munic\u00edpio de Santa Rita do Passa Quatro, uma capacita\u00e7\u00e3o<\/p>\n","protected":false},"author":1,"featured_media":2450,"comment_status":"closed","ping_status":"open","sticky":false,"template":"","format":"standard","meta":{"footnotes":""},"categories":[53],"tags":[],"class_list":["post-2449","post","type-post","status-publish","format-standard","has-post-thumbnail","hentry","category-meio-ambiente"],"_links":{"self":[{"href":"https:\/\/www.santaritadopassaquatro.sp.gov.br\/portal\/wp-json\/wp\/v2\/posts\/2449","targetHints":{"allow":["GET"]}}],"collection":[{"href":"https:\/\/www.santaritadopassaquatro.sp.gov.br\/portal\/wp-json\/wp\/v2\/posts"}],"about":[{"href":"https:\/\/www.santaritadopassaquatro.sp.gov.br\/portal\/wp-json\/wp\/v2\/types\/post"}],"author":[{"embeddable":true,"href":"https:\/\/www.santaritadopassaquatro.sp.gov.br\/portal\/wp-json\/wp\/v2\/users\/1"}],"replies":[{"embeddable":true,"href":"https:\/\/www.santaritadopassaquatro.sp.gov.br\/portal\/wp-json\/wp\/v2\/comments?post=2449"}],"version-history":[{"count":0,"href":"https:\/\/www.santaritadopassaquatro.sp.gov.br\/portal\/wp-json\/wp\/v2\/posts\/2449\/revisions"}],"wp:featuredmedia":[{"embeddable":true,"href":"https:\/\/www.santaritadopassaquatro.sp.gov.br\/portal\/wp-json\/wp\/v2\/media\/2450"}],"wp:attachment":[{"href":"https:\/\/www.santaritadopassaquatro.sp.gov.br\/portal\/wp-json\/wp\/v2\/media?parent=2449"}],"wp:term":[{"taxonomy":"category","embeddable":true,"href":"https:\/\/www.santaritadopassaquatro.sp.gov.br\/portal\/wp-json\/wp\/v2\/categories?post=2449"},{"taxonomy":"post_tag","embeddable":true,"href":"https:\/\/www.santaritadopassaquatro.sp.gov.br\/portal\/wp-json\/wp\/v2\/tags?post=2449"}],"curies":[{"name":"wp","href":"https:\/\/api.w.org\/{rel}","templated":true}]}}