{"id":2454,"date":"2019-09-27T15:47:19","date_gmt":"2019-09-27T18:47:19","guid":{"rendered":"http:\/\/www.santaritadopassaquatro.sp.gov.br\/portal\/?p=2454"},"modified":"2019-09-27T15:47:19","modified_gmt":"2019-09-27T18:47:19","slug":"setembro-amarelo-a-pessoa-com-deficiencia-e-o-suicidio","status":"publish","type":"post","link":"https:\/\/www.santaritadopassaquatro.sp.gov.br\/portal\/setembro-amarelo-a-pessoa-com-deficiencia-e-o-suicidio\/","title":{"rendered":"Setembro Amarelo: a pessoa com defici\u00eancia e o suic\u00eddio"},"content":{"rendered":"<p><strong><em>CONSELHO MUNICIPAL DA PESSOA COM DEFICI\u00caNCIA<\/em><br \/>\n<\/strong><\/p>\n<p><img decoding=\"async\" class=\"alignnone size-medium wp-image-2458 alignleft\" src=\"http:\/\/www.santaritadopassaquatro.sp.gov.br\/portal\/wp-content\/uploads\/2019\/09\/img-300x300.jpg\" alt=\"\" width=\"300\" height=\"300\" srcset=\"https:\/\/www.santaritadopassaquatro.sp.gov.br\/portal\/wp-content\/uploads\/2019\/09\/img-300x300.jpg 300w, https:\/\/www.santaritadopassaquatro.sp.gov.br\/portal\/wp-content\/uploads\/2019\/09\/img-150x150.jpg 150w, https:\/\/www.santaritadopassaquatro.sp.gov.br\/portal\/wp-content\/uploads\/2019\/09\/img.jpg 330w\" sizes=\"(max-width: 300px) 100vw, 300px\" \/>O Conselho Municipal da Pessoa com Defici\u00eancia de Santa Rita do Passa Quatro \u2013 SP se reuniu em setembro para abordar o suic\u00eddio. A OMS (Organiza\u00e7\u00e3o Mundial da Sa\u00fade) confirma que mais de 800 mil suic\u00eddios s\u00e3o praticados por ano no mundo, sendo que 10 mil casos ocorrem no Brasil. As pessoas na faixa et\u00e1ria de 15 a 29 anos dos pa\u00edses pobres e em desenvolvimento correspondem a 75% do total de ocorr\u00eancias. Estes n\u00fameros refletem o estado da sociedade atual, solidificada na alta competitividade, na velocidade tecnol\u00f3gica e no prazer instant\u00e2neo. Essas caracter\u00edsticas influenciam diretamente no comportamento humano e modificam as prioridades de vida saud\u00e1vel.<\/p>\n<p>Em rela\u00e7\u00e3o \u00e0 pessoa com defici\u00eancia, a an\u00e1lise se relaciona com o preconceito e a intoler\u00e2ncia. A discuss\u00e3o \u00e9 relevante, pois os suic\u00eddios s\u00e3o praticados em fam\u00edlias e indiv\u00edduos vulner\u00e1veis, que ingressam em estado depressivo e suicida devido a m\u00faltiplos fatores de fragilidade psicol\u00f3gica e social.<\/p>\n<p>Neste contexto, a intoler\u00e2ncia contra a pessoa com defici\u00eancia atinge todo o grupo minorit\u00e1rio, iniciando o complexo de inferioridade perante a sociedade. A mudan\u00e7a do paradigma para obtermos uma melhor justi\u00e7a social e indiv\u00edduos estruturados emocionalmente somente ocorrer\u00e1 com a\u00e7\u00f5es preventivas e pol\u00edticas p\u00fablicas efetivas para a inclus\u00e3o da pessoa com defici\u00eancia em todos os setores sociais.<\/p>\n<p>&nbsp;<\/p>\n<p>&nbsp;<\/p>\n","protected":false},"excerpt":{"rendered":"<p>CONSELHO MUNICIPAL DA PESSOA COM DEFICI\u00caNCIA O Conselho Municipal da Pessoa com Defici\u00eancia de Santa Rita do Passa Quatro \u2013<\/p>\n","protected":false},"author":1,"featured_media":2458,"comment_status":"closed","ping_status":"open","sticky":false,"template":"","format":"standard","meta":{"footnotes":""},"categories":[43,37,48],"tags":[],"class_list":["post-2454","post","type-post","status-publish","format-standard","has-post-thumbnail","hentry","category-assistenciasocial","category-conselhos-municipais","category-featured"],"_links":{"self":[{"href":"https:\/\/www.santaritadopassaquatro.sp.gov.br\/portal\/wp-json\/wp\/v2\/posts\/2454","targetHints":{"allow":["GET"]}}],"collection":[{"href":"https:\/\/www.santaritadopassaquatro.sp.gov.br\/portal\/wp-json\/wp\/v2\/posts"}],"about":[{"href":"https:\/\/www.santaritadopassaquatro.sp.gov.br\/portal\/wp-json\/wp\/v2\/types\/post"}],"author":[{"embeddable":true,"href":"https:\/\/www.santaritadopassaquatro.sp.gov.br\/portal\/wp-json\/wp\/v2\/users\/1"}],"replies":[{"embeddable":true,"href":"https:\/\/www.santaritadopassaquatro.sp.gov.br\/portal\/wp-json\/wp\/v2\/comments?post=2454"}],"version-history":[{"count":1,"href":"https:\/\/www.santaritadopassaquatro.sp.gov.br\/portal\/wp-json\/wp\/v2\/posts\/2454\/revisions"}],"predecessor-version":[{"id":2460,"href":"https:\/\/www.santaritadopassaquatro.sp.gov.br\/portal\/wp-json\/wp\/v2\/posts\/2454\/revisions\/2460"}],"wp:featuredmedia":[{"embeddable":true,"href":"https:\/\/www.santaritadopassaquatro.sp.gov.br\/portal\/wp-json\/wp\/v2\/media\/2458"}],"wp:attachment":[{"href":"https:\/\/www.santaritadopassaquatro.sp.gov.br\/portal\/wp-json\/wp\/v2\/media?parent=2454"}],"wp:term":[{"taxonomy":"category","embeddable":true,"href":"https:\/\/www.santaritadopassaquatro.sp.gov.br\/portal\/wp-json\/wp\/v2\/categories?post=2454"},{"taxonomy":"post_tag","embeddable":true,"href":"https:\/\/www.santaritadopassaquatro.sp.gov.br\/portal\/wp-json\/wp\/v2\/tags?post=2454"}],"curies":[{"name":"wp","href":"https:\/\/api.w.org\/{rel}","templated":true}]}}