{"id":2483,"date":"2019-09-27T15:58:01","date_gmt":"2019-09-27T18:58:01","guid":{"rendered":"http:\/\/www.santaritadopassaquatro.sp.gov.br\/portal\/?p=2483"},"modified":"2019-09-27T15:58:01","modified_gmt":"2019-09-27T18:58:01","slug":"campea-olimpica-maurren-maggi-faz-palestra-em-santa-rita-neste-sabado","status":"publish","type":"post","link":"https:\/\/www.santaritadopassaquatro.sp.gov.br\/portal\/campea-olimpica-maurren-maggi-faz-palestra-em-santa-rita-neste-sabado\/","title":{"rendered":"Campe\u00e3 ol\u00edmpica Maurren Maggi faz palestra em Santa Rita neste s\u00e1bado"},"content":{"rendered":"<p><strong><em>Parceria entre prefeitura e Sesc, evento acontece no Centro Ol\u00edmpico; atleta foi medalha de ouro nos Jogos de Pequim 2008 \u00a0<\/em><\/strong><\/p>\n<p>&nbsp;<\/p>\n<p><img decoding=\"async\" class=\"alignnone size-medium wp-image-2332 alignleft\" src=\"http:\/\/www.santaritadopassaquatro.sp.gov.br\/portal\/wp-content\/uploads\/2019\/09\/maurren_maggi-300x186.jpg\" alt=\"\" width=\"300\" height=\"186\" srcset=\"https:\/\/www.santaritadopassaquatro.sp.gov.br\/portal\/wp-content\/uploads\/2019\/09\/maurren_maggi-300x186.jpg 300w, https:\/\/www.santaritadopassaquatro.sp.gov.br\/portal\/wp-content\/uploads\/2019\/09\/maurren_maggi-768x476.jpg 768w, https:\/\/www.santaritadopassaquatro.sp.gov.br\/portal\/wp-content\/uploads\/2019\/09\/maurren_maggi-1024x634.jpg 1024w, https:\/\/www.santaritadopassaquatro.sp.gov.br\/portal\/wp-content\/uploads\/2019\/09\/maurren_maggi.jpg 1240w\" sizes=\"(max-width: 300px) 100vw, 300px\" \/>A campe\u00e3 ol\u00edmpica Maurren Maggi estar\u00e1 em Santa Rita do Passa Quatro neste s\u00e1bado (28\/9), a partir das 10 horas, no Centro Ol\u00edmpico Municipal. Medalha de ouro no salto em dist\u00e2ncia nos Jogos Ol\u00edmpico de Pequim, em 2008, ex-atleta ir\u00e1 ministrar uma palestra aberta ao p\u00fablico.<\/p>\n<p>Promovida em parceria entre Sesc e Prefeitura Municipal, atrav\u00e9s do Departamento Municipal de Turismo, Cultura, Esportes e Lazer, o evento \u00e9 gratuito e destinado especialmente para esportistas e amantes do esporte.<\/p>\n<p>Grande exemplo de supera\u00e7\u00e3o, garra e fo\u00e7a de vontade, Maurren busca passar todas as emo\u00e7\u00f5es de sua gloriosa carreira para o p\u00fablico ouvinte. Faz analogias sobre a vida de um atleta de alto rendimento e o mundo corporativo, abordando temas como motiva\u00e7\u00e3o, supera\u00e7\u00e3o, trabalho em equipe, persist\u00eancia, entre outros.<\/p>\n<p>Maurren Higa Maggi \u00e9 o maior nome da hist\u00f3ria do atletismo feminino brasileiro. Com um salto de 7,04 metros, conquistou a medalha de ouro nas Olimp\u00edadas de Pequim 2008. Tamb\u00e9m recordista brasileira e sul-americana do salto em dist\u00e2ncia, al\u00e9m de bicampe\u00e3 pan-americana, Maggi j\u00e1 terminou duas vezes o ano como n\u00famero 1 do mundo em salto em dist\u00e2ncia, em 1999 e 2003. Participou tamb\u00e9m da Olimp\u00edada de Sidney, em 2000.<\/p>\n<p><strong>\u00a0<\/strong><\/p>\n<p><strong>FOTO: <\/strong><em>A medalhista ol\u00edmpica Maurren Maggi que estar\u00e1 em Santa Rita no pr\u00f3ximo s\u00e1bado (Divulga\u00e7\u00e3o)<\/em><\/p>\n<p><em>\u00a0<\/em><\/p>\n","protected":false},"excerpt":{"rendered":"<p>Parceria entre prefeitura e Sesc, evento acontece no Centro Ol\u00edmpico; atleta foi medalha de ouro nos Jogos de Pequim 2008<\/p>\n","protected":false},"author":1,"featured_media":2332,"comment_status":"closed","ping_status":"open","sticky":false,"template":"","format":"standard","meta":{"footnotes":""},"categories":[48,51],"tags":[],"class_list":["post-2483","post","type-post","status-publish","format-standard","has-post-thumbnail","hentry","category-featured","category-sports"],"_links":{"self":[{"href":"https:\/\/www.santaritadopassaquatro.sp.gov.br\/portal\/wp-json\/wp\/v2\/posts\/2483","targetHints":{"allow":["GET"]}}],"collection":[{"href":"https:\/\/www.santaritadopassaquatro.sp.gov.br\/portal\/wp-json\/wp\/v2\/posts"}],"about":[{"href":"https:\/\/www.santaritadopassaquatro.sp.gov.br\/portal\/wp-json\/wp\/v2\/types\/post"}],"author":[{"embeddable":true,"href":"https:\/\/www.santaritadopassaquatro.sp.gov.br\/portal\/wp-json\/wp\/v2\/users\/1"}],"replies":[{"embeddable":true,"href":"https:\/\/www.santaritadopassaquatro.sp.gov.br\/portal\/wp-json\/wp\/v2\/comments?post=2483"}],"version-history":[{"count":0,"href":"https:\/\/www.santaritadopassaquatro.sp.gov.br\/portal\/wp-json\/wp\/v2\/posts\/2483\/revisions"}],"wp:featuredmedia":[{"embeddable":true,"href":"https:\/\/www.santaritadopassaquatro.sp.gov.br\/portal\/wp-json\/wp\/v2\/media\/2332"}],"wp:attachment":[{"href":"https:\/\/www.santaritadopassaquatro.sp.gov.br\/portal\/wp-json\/wp\/v2\/media?parent=2483"}],"wp:term":[{"taxonomy":"category","embeddable":true,"href":"https:\/\/www.santaritadopassaquatro.sp.gov.br\/portal\/wp-json\/wp\/v2\/categories?post=2483"},{"taxonomy":"post_tag","embeddable":true,"href":"https:\/\/www.santaritadopassaquatro.sp.gov.br\/portal\/wp-json\/wp\/v2\/tags?post=2483"}],"curies":[{"name":"wp","href":"https:\/\/api.w.org\/{rel}","templated":true}]}}