{"id":2492,"date":"2019-09-27T16:15:11","date_gmt":"2019-09-27T19:15:11","guid":{"rendered":"http:\/\/www.santaritadopassaquatro.sp.gov.br\/portal\/?p=2492"},"modified":"2019-09-27T16:15:11","modified_gmt":"2019-09-27T19:15:11","slug":"58o-festival-zequinha-de-abreu-santa-rita-recebeu-cerca-de-2-mil-musicos-no-fim-de-semana-para-concurso-e-desfile","status":"publish","type":"post","link":"https:\/\/www.santaritadopassaquatro.sp.gov.br\/portal\/58o-festival-zequinha-de-abreu-santa-rita-recebeu-cerca-de-2-mil-musicos-no-fim-de-semana-para-concurso-e-desfile\/","title":{"rendered":"58\u00ba FESTIVAL ZEQUINHA DE ABREU: Santa Rita recebeu cerca de 2 mil m\u00fasicos no fim de semana para concurso e desfile"},"content":{"rendered":"<p><strong><em>Etapa do Campeonato Paulista de Bandas encerrou a programa\u00e7\u00e3o do 58\u00ba Festival Zequinha de Abreu<\/em><\/strong><\/p>\n<p><strong><em>\u00a0<\/em><\/strong><\/p>\n<figure id=\"attachment_2499\" aria-describedby=\"caption-attachment-2499\" style=\"width: 300px\" class=\"wp-caption alignleft\"><img decoding=\"async\" class=\"wp-image-2499 size-medium\" src=\"http:\/\/www.santaritadopassaquatro.sp.gov.br\/portal\/wp-content\/uploads\/2019\/09\/07_Fest_Zeq_Abr_concurso_bandas-300x200.jpg\" alt=\"\" width=\"300\" height=\"200\" srcset=\"https:\/\/www.santaritadopassaquatro.sp.gov.br\/portal\/wp-content\/uploads\/2019\/09\/07_Fest_Zeq_Abr_concurso_bandas-300x200.jpg 300w, https:\/\/www.santaritadopassaquatro.sp.gov.br\/portal\/wp-content\/uploads\/2019\/09\/07_Fest_Zeq_Abr_concurso_bandas-768x512.jpg 768w, https:\/\/www.santaritadopassaquatro.sp.gov.br\/portal\/wp-content\/uploads\/2019\/09\/07_Fest_Zeq_Abr_concurso_bandas-1024x683.jpg 1024w, https:\/\/www.santaritadopassaquatro.sp.gov.br\/portal\/wp-content\/uploads\/2019\/09\/07_Fest_Zeq_Abr_concurso_bandas.jpg 2048w\" sizes=\"(max-width: 300px) 100vw, 300px\" \/><figcaption id=\"caption-attachment-2499\" class=\"wp-caption-text\"><span style=\"font-size: 8pt; color: #808080;\"><em><strong>Paulist\u00e3o de Bandas coloriu a pra\u00e7a Poeta Mario Mattoso na manh\u00e3 de domingo (AssCom\/Divulga\u00e7\u00e3o)<\/strong><\/em><\/span><\/figcaption><\/figure>\n<p>Cerca de 2 mil m\u00fasicos de todo Estado de S\u00e3o Paulo estiveram em Santa Rita do Passa Quatro no \u00faltimo fim de semana, no encerramento do 58\u00ba Festival Zequinha de Abreu.\u00a0 O munic\u00edpio foi sede da \u00faltima etapa do 16\u00ba Campeonato Estadual de Fanfarras e Bandas, o Paulist\u00e3o, promovido pela Federa\u00e7\u00e3o das Fanfarras e Bandas do Estado de S\u00e3o Paulo (Ffabesp).<\/p>\n<p>No s\u00e1bado, a pra\u00e7a Poeta M\u00e1rio Mattoso, come\u00e7a recebeu as bandas musicais de concerto. O Paulist\u00e3o continuou no domingo, j\u00e1 pela manh\u00e3, tamb\u00e9m na Pra\u00e7a da Esta\u00e7\u00e3o, com as bandas marciais. No per\u00edodo da tarde, aconteceu o desfile de bandas e fanfarras pela Avenida Severino Meirelles.<\/p>\n<figure id=\"attachment_2500\" aria-describedby=\"caption-attachment-2500\" style=\"width: 300px\" class=\"wp-caption alignright\"><img decoding=\"async\" class=\"wp-image-2500 size-medium\" src=\"http:\/\/www.santaritadopassaquatro.sp.gov.br\/portal\/wp-content\/uploads\/2019\/09\/08_Fest_Zeq_Abr_desfile_bandas-300x200.jpg\" alt=\"\" width=\"300\" height=\"200\" srcset=\"https:\/\/www.santaritadopassaquatro.sp.gov.br\/portal\/wp-content\/uploads\/2019\/09\/08_Fest_Zeq_Abr_desfile_bandas-300x200.jpg 300w, https:\/\/www.santaritadopassaquatro.sp.gov.br\/portal\/wp-content\/uploads\/2019\/09\/08_Fest_Zeq_Abr_desfile_bandas-768x512.jpg 768w, https:\/\/www.santaritadopassaquatro.sp.gov.br\/portal\/wp-content\/uploads\/2019\/09\/08_Fest_Zeq_Abr_desfile_bandas-1024x683.jpg 1024w, https:\/\/www.santaritadopassaquatro.sp.gov.br\/portal\/wp-content\/uploads\/2019\/09\/08_Fest_Zeq_Abr_desfile_bandas.jpg 2048w\" sizes=\"(max-width: 300px) 100vw, 300px\" \/><figcaption id=\"caption-attachment-2500\" class=\"wp-caption-text\"><span style=\"font-size: 8pt; color: #808080;\"><em><strong>Desfile de Bandas e Fanfarras encerrou a programa\u00e7\u00e3o na tarde de domingo, na AV. Severino Meirelles \u00a0(AssCom\/Divulga\u00e7\u00e3o)<\/strong><\/em><\/span><\/figcaption><\/figure>\n<p>Promovido pelo Departamento de Cultura e Turismo da Prefeitura Municipal, o evento \u00e9 uma homenagem ao compositor santa-ritense Jos\u00e9 Gomes de Abreu, que ficou mundialmente conhecido pela sua obra, come\u00e7ou no dia 18\/9, quarta-feira, de manh\u00e3, quando a Banda da Policia Militar, de Ribeir\u00e3o Preto, se apresentou na Concha Ac\u00fastica, para alunos das escolas p\u00fablicas e privadas e a APAE. A noite, o Projeto Choro da Casa, tamb\u00e9m de Ribeir\u00e3o Preto, se apresentou na Pra\u00e7a Poeta M\u00e1rio Mattoso, com os m\u00fasicos convidados Caio de Souza e Mateus Marques.<\/p>\n<figure id=\"attachment_2496\" aria-describedby=\"caption-attachment-2496\" style=\"width: 300px\" class=\"wp-caption alignleft\"><img decoding=\"async\" class=\"wp-image-2496 size-medium\" src=\"http:\/\/www.santaritadopassaquatro.sp.gov.br\/portal\/wp-content\/uploads\/2019\/09\/04_Fest_Zeq_Abr_prefeito_document\u00e1rio-300x200.jpg\" alt=\"\" width=\"300\" height=\"200\" srcset=\"https:\/\/www.santaritadopassaquatro.sp.gov.br\/portal\/wp-content\/uploads\/2019\/09\/04_Fest_Zeq_Abr_prefeito_document\u00e1rio-300x200.jpg 300w, https:\/\/www.santaritadopassaquatro.sp.gov.br\/portal\/wp-content\/uploads\/2019\/09\/04_Fest_Zeq_Abr_prefeito_document\u00e1rio-768x512.jpg 768w, https:\/\/www.santaritadopassaquatro.sp.gov.br\/portal\/wp-content\/uploads\/2019\/09\/04_Fest_Zeq_Abr_prefeito_document\u00e1rio-1024x683.jpg 1024w, https:\/\/www.santaritadopassaquatro.sp.gov.br\/portal\/wp-content\/uploads\/2019\/09\/04_Fest_Zeq_Abr_prefeito_document\u00e1rio.jpg 2048w\" sizes=\"(max-width: 300px) 100vw, 300px\" \/><figcaption id=\"caption-attachment-2496\" class=\"wp-caption-text\"><span style=\"font-size: 8pt; color: #999999;\"><em><strong>Prefeito e vice-prefeita, a neta de Zequinha de Abreu e demais autoridades com os autores do document\u00e1rio exibido na sexta-feira (AssCom\/Divulga\u00e7\u00e3o)<\/strong><\/em><\/span><\/figcaption><\/figure>\n<p>O evento tamb\u00e9m contou com uma homenagem a Zequinha de Abreu, na quinta-feira (19\/5), dia do seu anivers\u00e1rio, no busto onde est\u00e3o depositados os seus restos mortais.\u00a0 A noite a programa\u00e7\u00e3o voltou para a pra\u00e7a Mario Mattoso, com a Banda Zequinha de Abreu e o Coral Prof. Oct\u00e1vio Bueno de Camargo.<\/p>\n<figure id=\"attachment_2493\" aria-describedby=\"caption-attachment-2493\" style=\"width: 300px\" class=\"wp-caption alignright\"><img decoding=\"async\" class=\"wp-image-2493 size-medium\" src=\"http:\/\/www.santaritadopassaquatro.sp.gov.br\/portal\/wp-content\/uploads\/2019\/09\/01_Fest_Zeq_Abr_Choro_Casa-300x200.jpg\" alt=\"\" width=\"300\" height=\"200\" srcset=\"https:\/\/www.santaritadopassaquatro.sp.gov.br\/portal\/wp-content\/uploads\/2019\/09\/01_Fest_Zeq_Abr_Choro_Casa-300x200.jpg 300w, https:\/\/www.santaritadopassaquatro.sp.gov.br\/portal\/wp-content\/uploads\/2019\/09\/01_Fest_Zeq_Abr_Choro_Casa-768x512.jpg 768w, https:\/\/www.santaritadopassaquatro.sp.gov.br\/portal\/wp-content\/uploads\/2019\/09\/01_Fest_Zeq_Abr_Choro_Casa-1024x683.jpg 1024w, https:\/\/www.santaritadopassaquatro.sp.gov.br\/portal\/wp-content\/uploads\/2019\/09\/01_Fest_Zeq_Abr_Choro_Casa.jpg 2048w\" sizes=\"(max-width: 300px) 100vw, 300px\" \/><figcaption id=\"caption-attachment-2493\" class=\"wp-caption-text\"><span style=\"font-size: 8pt; color: #999999;\"><em><strong>O projeto Choro da Casa, durante abertura do 58\u00ba Festival Zequinha de Abreu (AssCom\/Divulga\u00e7\u00e3o)<\/strong><\/em><\/span><\/figcaption><\/figure>\n<p>Na sexta-feira (20\/9) teve exibi\u00e7\u00e3o do document\u00e1rio O document\u00e1rio \u201cZequinha de Abreu: Uma Pra\u00e7a, Uma Lenda\u201d, seguido da apresenta\u00e7\u00e3o do saxofonista Rog\u00e9rio Bergo e convidados, em seguida o Conjunto \u00c1gua de Vint\u00e9m, um dos principais grupos de choro do Brasil, tamb\u00e9m se apresentou na pra\u00e7a da Esta\u00e7\u00e3o.<\/p>\n<figure id=\"attachment_2497\" aria-describedby=\"caption-attachment-2497\" style=\"width: 300px\" class=\"wp-caption alignleft\"><img decoding=\"async\" class=\"wp-image-2497 size-medium\" src=\"http:\/\/www.santaritadopassaquatro.sp.gov.br\/portal\/wp-content\/uploads\/2019\/09\/05_Fest_Zeq_Abr_agua_vintem-300x200.jpg\" alt=\"\" width=\"300\" height=\"200\" srcset=\"https:\/\/www.santaritadopassaquatro.sp.gov.br\/portal\/wp-content\/uploads\/2019\/09\/05_Fest_Zeq_Abr_agua_vintem-300x200.jpg 300w, https:\/\/www.santaritadopassaquatro.sp.gov.br\/portal\/wp-content\/uploads\/2019\/09\/05_Fest_Zeq_Abr_agua_vintem-768x512.jpg 768w, https:\/\/www.santaritadopassaquatro.sp.gov.br\/portal\/wp-content\/uploads\/2019\/09\/05_Fest_Zeq_Abr_agua_vintem-1024x683.jpg 1024w, https:\/\/www.santaritadopassaquatro.sp.gov.br\/portal\/wp-content\/uploads\/2019\/09\/05_Fest_Zeq_Abr_agua_vintem.jpg 2048w\" sizes=\"(max-width: 300px) 100vw, 300px\" \/><figcaption id=\"caption-attachment-2497\" class=\"wp-caption-text\"><span style=\"font-size: 8pt; color: #999999;\"><em><strong>A noite de sexta-feira tamb\u00e9m contou com show do \u00c1gua de Vint\u00e9m, um dos maiores grupos de choro do Brasil (AssCom\/Divulga\u00e7\u00e3o)<\/strong><\/em><\/span><\/figcaption><\/figure>\n<p>Mais uma vez, o festival contou com a presen\u00e7a da neta de Zequinha de Abreu, Marise de Abreu Magioni, al\u00e9m do prefeito Leandro Luciano dos Santos e a vice-prefeita Maria Rita Mondin de Oliveira.<\/p>\n<p><strong>\u00a0<\/strong><\/p>\n<p>&nbsp;<\/p>\n<p>&nbsp;<\/p>\n<p>&nbsp;<\/p>\n<figure id=\"attachment_2498\" aria-describedby=\"caption-attachment-2498\" style=\"width: 300px\" class=\"wp-caption aligncenter\"><img decoding=\"async\" class=\"wp-image-2498 size-medium\" src=\"http:\/\/www.santaritadopassaquatro.sp.gov.br\/portal\/wp-content\/uploads\/2019\/09\/06_Fest_Zeq_Abr_bandas_concerto-300x200.jpg\" alt=\"\" width=\"300\" height=\"200\" srcset=\"https:\/\/www.santaritadopassaquatro.sp.gov.br\/portal\/wp-content\/uploads\/2019\/09\/06_Fest_Zeq_Abr_bandas_concerto-300x200.jpg 300w, https:\/\/www.santaritadopassaquatro.sp.gov.br\/portal\/wp-content\/uploads\/2019\/09\/06_Fest_Zeq_Abr_bandas_concerto-768x512.jpg 768w, https:\/\/www.santaritadopassaquatro.sp.gov.br\/portal\/wp-content\/uploads\/2019\/09\/06_Fest_Zeq_Abr_bandas_concerto-1024x683.jpg 1024w, https:\/\/www.santaritadopassaquatro.sp.gov.br\/portal\/wp-content\/uploads\/2019\/09\/06_Fest_Zeq_Abr_bandas_concerto.jpg 2048w\" sizes=\"(max-width: 300px) 100vw, 300px\" \/><figcaption id=\"caption-attachment-2498\" class=\"wp-caption-text\"><span style=\"font-size: 8pt; color: #999999;\"><em><strong>Banda Zequinha de Abreu e Coral Octavio Bueno de Camargo foram as atra\u00e7\u00f5es da noite de quinta-feira (Beatriz Castro\/Divulga\u00e7\u00e3o)<\/strong><\/em><\/span><\/figcaption><\/figure>\n<figure id=\"attachment_2494\" aria-describedby=\"caption-attachment-2494\" style=\"width: 300px\" class=\"wp-caption aligncenter\"><img decoding=\"async\" class=\"wp-image-2494 size-medium\" src=\"http:\/\/www.santaritadopassaquatro.sp.gov.br\/portal\/wp-content\/uploads\/2019\/09\/02_Fest_Zeq_Abr_hmenagem_busto-300x200.jpg\" alt=\"\" width=\"300\" height=\"200\" srcset=\"https:\/\/www.santaritadopassaquatro.sp.gov.br\/portal\/wp-content\/uploads\/2019\/09\/02_Fest_Zeq_Abr_hmenagem_busto-300x200.jpg 300w, https:\/\/www.santaritadopassaquatro.sp.gov.br\/portal\/wp-content\/uploads\/2019\/09\/02_Fest_Zeq_Abr_hmenagem_busto-768x512.jpg 768w, https:\/\/www.santaritadopassaquatro.sp.gov.br\/portal\/wp-content\/uploads\/2019\/09\/02_Fest_Zeq_Abr_hmenagem_busto-1024x683.jpg 1024w, https:\/\/www.santaritadopassaquatro.sp.gov.br\/portal\/wp-content\/uploads\/2019\/09\/02_Fest_Zeq_Abr_hmenagem_busto.jpg 2048w\" sizes=\"(max-width: 300px) 100vw, 300px\" \/><figcaption id=\"caption-attachment-2494\" class=\"wp-caption-text\"><span style=\"font-size: 8pt; color: #999999;\"><em><strong>\u00a0Homenagem no busto contou a presen\u00e7a da vice-prefeita, a neta de Zequinha de Abreu, m\u00fasicos, escritores e estudantes (AssCom\/Divulga\u00e7\u00e3o)<\/strong><\/em><\/span><\/figcaption><\/figure>\n<p>&nbsp;<\/p>\n<p>&nbsp;<\/p>\n<p>&nbsp;<\/p>\n<p>&nbsp;<\/p>\n<p>&nbsp;<\/p>\n<p>&nbsp;<\/p>\n<p>&nbsp;<\/p>\n","protected":false},"excerpt":{"rendered":"<p>Etapa do Campeonato Paulista de Bandas encerrou a programa\u00e7\u00e3o do 58\u00ba Festival Zequinha de Abreu \u00a0 Cerca de 2 mil<\/p>\n","protected":false},"author":1,"featured_media":2501,"comment_status":"closed","ping_status":"open","sticky":false,"template":"","format":"standard","meta":{"footnotes":""},"categories":[46,52,60],"tags":[],"class_list":["post-2492","post","type-post","status-publish","format-standard","has-post-thumbnail","hentry","category-cultura","category-latest","category-turismo"],"_links":{"self":[{"href":"https:\/\/www.santaritadopassaquatro.sp.gov.br\/portal\/wp-json\/wp\/v2\/posts\/2492","targetHints":{"allow":["GET"]}}],"collection":[{"href":"https:\/\/www.santaritadopassaquatro.sp.gov.br\/portal\/wp-json\/wp\/v2\/posts"}],"about":[{"href":"https:\/\/www.santaritadopassaquatro.sp.gov.br\/portal\/wp-json\/wp\/v2\/types\/post"}],"author":[{"embeddable":true,"href":"https:\/\/www.santaritadopassaquatro.sp.gov.br\/portal\/wp-json\/wp\/v2\/users\/1"}],"replies":[{"embeddable":true,"href":"https:\/\/www.santaritadopassaquatro.sp.gov.br\/portal\/wp-json\/wp\/v2\/comments?post=2492"}],"version-history":[{"count":0,"href":"https:\/\/www.santaritadopassaquatro.sp.gov.br\/portal\/wp-json\/wp\/v2\/posts\/2492\/revisions"}],"wp:featuredmedia":[{"embeddable":true,"href":"https:\/\/www.santaritadopassaquatro.sp.gov.br\/portal\/wp-json\/wp\/v2\/media\/2501"}],"wp:attachment":[{"href":"https:\/\/www.santaritadopassaquatro.sp.gov.br\/portal\/wp-json\/wp\/v2\/media?parent=2492"}],"wp:term":[{"taxonomy":"category","embeddable":true,"href":"https:\/\/www.santaritadopassaquatro.sp.gov.br\/portal\/wp-json\/wp\/v2\/categories?post=2492"},{"taxonomy":"post_tag","embeddable":true,"href":"https:\/\/www.santaritadopassaquatro.sp.gov.br\/portal\/wp-json\/wp\/v2\/tags?post=2492"}],"curies":[{"name":"wp","href":"https:\/\/api.w.org\/{rel}","templated":true}]}}