{"id":2505,"date":"2019-09-27T16:20:18","date_gmt":"2019-09-27T19:20:18","guid":{"rendered":"http:\/\/www.santaritadopassaquatro.sp.gov.br\/portal\/?p=2505"},"modified":"2019-09-27T16:20:18","modified_gmt":"2019-09-27T19:20:18","slug":"sabado-e-dia-de-doacao-de-sangue","status":"publish","type":"post","link":"https:\/\/www.santaritadopassaquatro.sp.gov.br\/portal\/sabado-e-dia-de-doacao-de-sangue\/","title":{"rendered":"S\u00e1bado \u00e9 dia de doa\u00e7\u00e3o de sangue"},"content":{"rendered":"<p><strong><em>Campanha de A\u00e7\u00e3o ser\u00e1 realizada em parceria entre Hemocentro Ribeir\u00e3o Preto e Departamento Municipal de Sa\u00fade, na EMEF Madre Carmelita <\/em><\/strong><\/p>\n<p><strong><em>\u00a0<\/em><\/strong><\/p>\n<p><img decoding=\"async\" class=\"alignnone size-medium wp-image-2506 alignleft\" src=\"http:\/\/www.santaritadopassaquatro.sp.gov.br\/portal\/wp-content\/uploads\/2019\/09\/campanha_doacao_sangue-225x300.jpg\" alt=\"\" width=\"225\" height=\"300\" srcset=\"https:\/\/www.santaritadopassaquatro.sp.gov.br\/portal\/wp-content\/uploads\/2019\/09\/campanha_doacao_sangue-225x300.jpg 225w, https:\/\/www.santaritadopassaquatro.sp.gov.br\/portal\/wp-content\/uploads\/2019\/09\/campanha_doacao_sangue-768x1024.jpg 768w, https:\/\/www.santaritadopassaquatro.sp.gov.br\/portal\/wp-content\/uploads\/2019\/09\/campanha_doacao_sangue.jpg 1944w\" sizes=\"(max-width: 225px) 100vw, 225px\" \/>Neste s\u00e1bado (28\/9) tem mais campanha de doa\u00e7\u00e3o de sangue e cadastro de medula \u00f3ssea em Santa Rita do Passa Quatro. Realiza\u00e7\u00e3o do Hemocentro Ribeir\u00e3o Preto em parceria com Prefeitura Municipal, atrav\u00e9s do Departamento de Sa\u00fade, a campanha acontece \u00e0 partir das 7 horas, na EMEF Madre Carmelita.<\/p>\n<p>Para ser doador \u00e9 preciso ter idade entre 18 e 67 anos, estar com boa sa\u00fade, pesar no m\u00ednimo 50kg (homens) ou 51kg (mulheres). Volunt\u00e1rios com idade entre 16 e 18 anos tamb\u00e9m podem doar, desde que autorizados pelos pais ou respons\u00e1veis. \u00c9 obrigat\u00f3rio apresentar documento oficial com foto.<\/p>\n<p>As recomenda\u00e7\u00f5es aos volunt\u00e1rios podem ser conferidas na internet <a href=\"http:\/\/pegasus.fmrp.usp.br\/projeto\/guiadoad.htm\">(clique aqui)<\/a>. Segundo o Hemocentro, cada doador pode salvar at\u00e9 tr\u00eas vidas.<\/p>\n<p>Santa Rita est\u00e1 entre os 210 munic\u00edpios atendidos pelo Hemocentro Ribeir\u00e3o Preto. Ao todo s\u00e3o 33% do Estado de S\u00e3o Paulo. Para suprir esta demanda, s\u00e3o realizadas campanhas em tr\u00eas finais de semana por m\u00eas, nas v\u00e1rias cidades da regi\u00e3o de abrang\u00eancia.<\/p>\n<p>Promovida pelos menos duas vezes ao ano na cidade, todas com presen\u00e7a expressiva da popula\u00e7\u00e3o local.\u00a0 A \u00faltima campanha em Santa Rita aconteceu no \u00faltimo m\u00eas de mar\u00e7o.<\/p>\n<p><strong>\u00a0<\/strong><\/p>\n<p>&nbsp;<\/p>\n","protected":false},"excerpt":{"rendered":"<p>Campanha de A\u00e7\u00e3o ser\u00e1 realizada em parceria entre Hemocentro Ribeir\u00e3o Preto e Departamento Municipal de Sa\u00fade, na EMEF Madre Carmelita<\/p>\n","protected":false},"author":1,"featured_media":2262,"comment_status":"closed","ping_status":"open","sticky":false,"template":"","format":"standard","meta":{"footnotes":""},"categories":[52,58],"tags":[],"class_list":["post-2505","post","type-post","status-publish","format-standard","has-post-thumbnail","hentry","category-latest","category-health"],"_links":{"self":[{"href":"https:\/\/www.santaritadopassaquatro.sp.gov.br\/portal\/wp-json\/wp\/v2\/posts\/2505","targetHints":{"allow":["GET"]}}],"collection":[{"href":"https:\/\/www.santaritadopassaquatro.sp.gov.br\/portal\/wp-json\/wp\/v2\/posts"}],"about":[{"href":"https:\/\/www.santaritadopassaquatro.sp.gov.br\/portal\/wp-json\/wp\/v2\/types\/post"}],"author":[{"embeddable":true,"href":"https:\/\/www.santaritadopassaquatro.sp.gov.br\/portal\/wp-json\/wp\/v2\/users\/1"}],"replies":[{"embeddable":true,"href":"https:\/\/www.santaritadopassaquatro.sp.gov.br\/portal\/wp-json\/wp\/v2\/comments?post=2505"}],"version-history":[{"count":0,"href":"https:\/\/www.santaritadopassaquatro.sp.gov.br\/portal\/wp-json\/wp\/v2\/posts\/2505\/revisions"}],"wp:featuredmedia":[{"embeddable":true,"href":"https:\/\/www.santaritadopassaquatro.sp.gov.br\/portal\/wp-json\/wp\/v2\/media\/2262"}],"wp:attachment":[{"href":"https:\/\/www.santaritadopassaquatro.sp.gov.br\/portal\/wp-json\/wp\/v2\/media?parent=2505"}],"wp:term":[{"taxonomy":"category","embeddable":true,"href":"https:\/\/www.santaritadopassaquatro.sp.gov.br\/portal\/wp-json\/wp\/v2\/categories?post=2505"},{"taxonomy":"post_tag","embeddable":true,"href":"https:\/\/www.santaritadopassaquatro.sp.gov.br\/portal\/wp-json\/wp\/v2\/tags?post=2505"}],"curies":[{"name":"wp","href":"https:\/\/api.w.org\/{rel}","templated":true}]}}