{"id":2512,"date":"2019-09-27T16:26:08","date_gmt":"2019-09-27T19:26:08","guid":{"rendered":"http:\/\/www.santaritadopassaquatro.sp.gov.br\/portal\/?p=2512"},"modified":"2019-09-27T16:26:08","modified_gmt":"2019-09-27T19:26:08","slug":"prefeito-tem-novas-reunioes-sobre-cais-sr","status":"publish","type":"post","link":"https:\/\/www.santaritadopassaquatro.sp.gov.br\/portal\/prefeito-tem-novas-reunioes-sobre-cais-sr\/","title":{"rendered":"Prefeito tem novas reuni\u00f5es sobre CAIS-SR"},"content":{"rendered":"<p><strong><em>Ap\u00f3s audi\u00eancia com o governador em exerc\u00edcio, encontros foram com secret\u00e1rio de Desenvolvimento Regional e prefeito de Ribeir\u00e3o Preto<\/em><\/strong><\/p>\n<p><strong><em>\u00a0<\/em><\/strong><\/p>\n<figure id=\"attachment_2513\" aria-describedby=\"caption-attachment-2513\" style=\"width: 292px\" class=\"wp-caption alignleft\"><img decoding=\"async\" class=\"wp-image-2513 \" src=\"http:\/\/www.santaritadopassaquatro.sp.gov.br\/portal\/wp-content\/uploads\/2019\/09\/prefeito_vinholi_gasparini_nogueira-225x300.jpeg\" alt=\"\" width=\"292\" height=\"389\" srcset=\"https:\/\/www.santaritadopassaquatro.sp.gov.br\/portal\/wp-content\/uploads\/2019\/09\/prefeito_vinholi_gasparini_nogueira-225x300.jpeg 225w, https:\/\/www.santaritadopassaquatro.sp.gov.br\/portal\/wp-content\/uploads\/2019\/09\/prefeito_vinholi_gasparini_nogueira.jpeg 768w\" sizes=\"(max-width: 292px) 100vw, 292px\" \/><figcaption id=\"caption-attachment-2513\" class=\"wp-caption-text\"><span style=\"font-size: 8pt; color: #999999;\"><em><strong>Prefeito de Santa Rita e com prefeito e vereador de Ribeir\u00e3o Prefeito em reuni\u00e3o com secret\u00e1rio de Desenvolvimento Regional (Divulga\u00e7\u00e3o)<\/strong><\/em><\/span><\/figcaption><\/figure>\n<p>Ap\u00f3s ser recebido pelo governador em exerc\u00edcio do Estado de S\u00e3o Paulo, Cau\u00ea Macris, na semana passada, o prefeito de Santa Rita do Passa Quatro, Leandro Luciano dos Santos, esteve em mais dois compromissos para tratar do assunto referente ao CAIS-SR (Centro de Aten\u00e7\u00e3o Integral a Sa\u00fade), considerado de extrema import\u00e2ncia para o munic\u00edpio e regi\u00e3o.<\/p>\n<p>Na \u00faltima ter\u00e7a-feira (24\/9), Leandro esteve mais uma vez em S\u00e3o Paulo, com o secret\u00e1rio de Desenvolvimento Regional, Marco Vinholi, considerado um dos membros principais do governado Jo\u00e3o D\u00f3ria, acompanhado do prefeito, Duarte Nogueira, e do vereador Maur\u00edcio Gasparini, ambos de Ribeir\u00e3o Preto.<\/p>\n<p>Na pauta, assuntos sobre as demandas da regi\u00e3o, em busca do desenvolvimento em diversos setores, como turismo e a sa\u00fade, especialmente o CAIS-SR, que tem grande potencial para receber investimentos e parcerias com outros hospitais e universidades, dois segmentos em que Ribeir\u00e3o \u00e9 refer\u00eancia para todo o pa\u00eds.<\/p>\n<figure id=\"attachment_2514\" aria-describedby=\"caption-attachment-2514\" style=\"width: 300px\" class=\"wp-caption alignright\"><img decoding=\"async\" class=\"wp-image-2514 size-medium\" src=\"http:\/\/www.santaritadopassaquatro.sp.gov.br\/portal\/wp-content\/uploads\/2019\/09\/diretor-DIR-ribeirao1-300x225.jpeg\" alt=\"\" width=\"300\" height=\"225\" srcset=\"https:\/\/www.santaritadopassaquatro.sp.gov.br\/portal\/wp-content\/uploads\/2019\/09\/diretor-DIR-ribeirao1-300x225.jpeg 300w, https:\/\/www.santaritadopassaquatro.sp.gov.br\/portal\/wp-content\/uploads\/2019\/09\/diretor-DIR-ribeirao1-768x576.jpeg 768w, https:\/\/www.santaritadopassaquatro.sp.gov.br\/portal\/wp-content\/uploads\/2019\/09\/diretor-DIR-ribeirao1.jpeg 1024w\" sizes=\"(max-width: 300px) 100vw, 300px\" \/><figcaption id=\"caption-attachment-2514\" class=\"wp-caption-text\"><span style=\"font-size: 8pt; color: #999999;\"><em><strong> Prefeito como diretor da DIR XVII no gabinete na \u00faltima quarta-feira (Divulga\u00e7\u00e3o)<\/strong><\/em><\/span><\/figcaption><\/figure>\n<p>Na quarta-feira, o prefeito recebeu em seu gabinete o diretor da DRS XIII (Dire\u00e7\u00e3o Regional de Sa\u00fade) de Ribeir\u00e3o Preto, Fabr\u00edcio de Freitas Fonseca, tratando do mesmo assunto. \u201cTivemos uma \u00f3tima conversa sobre possibilidades de projetos a serem implantados no nosso CAIS-SR\u201d, disse o prefeito. \u201cUm local de muito potencial para abranger nosso estado inteiro\u201d, completou.<\/p>\n<p>Na semana passada, acompanho da vice-prefeita Maria Rita Mondim de Oliveira, e vereadores, o prefeito foi recebido por Macris e pelo secret\u00e1rio da Sa\u00fade, Dr. Jos\u00e9 Henrique Germann Ferreira, com o mesmo objetivo. \u201cEsperamos que em breve, Prefeitura e Governo do Estado possam se unir em benef\u00edcio da sa\u00fade e do desenvolvimento\u201d, disse.<\/p>\n<p>&nbsp;<\/p>\n<p>&nbsp;<\/p>\n<p>&nbsp;<\/p>\n<p>&nbsp;<\/p>\n<p>&nbsp;<\/p>\n","protected":false},"excerpt":{"rendered":"<p>Ap\u00f3s audi\u00eancia com o governador em exerc\u00edcio, encontros foram com secret\u00e1rio de Desenvolvimento Regional e prefeito de Ribeir\u00e3o Preto \u00a0<\/p>\n","protected":false},"author":1,"featured_media":2513,"comment_status":"closed","ping_status":"open","sticky":false,"template":"","format":"standard","meta":{"footnotes":""},"categories":[44,52,57],"tags":[],"class_list":["post-2512","post","type-post","status-publish","format-standard","has-post-thumbnail","hentry","category-cidades","category-latest","category-politics"],"_links":{"self":[{"href":"https:\/\/www.santaritadopassaquatro.sp.gov.br\/portal\/wp-json\/wp\/v2\/posts\/2512","targetHints":{"allow":["GET"]}}],"collection":[{"href":"https:\/\/www.santaritadopassaquatro.sp.gov.br\/portal\/wp-json\/wp\/v2\/posts"}],"about":[{"href":"https:\/\/www.santaritadopassaquatro.sp.gov.br\/portal\/wp-json\/wp\/v2\/types\/post"}],"author":[{"embeddable":true,"href":"https:\/\/www.santaritadopassaquatro.sp.gov.br\/portal\/wp-json\/wp\/v2\/users\/1"}],"replies":[{"embeddable":true,"href":"https:\/\/www.santaritadopassaquatro.sp.gov.br\/portal\/wp-json\/wp\/v2\/comments?post=2512"}],"version-history":[{"count":0,"href":"https:\/\/www.santaritadopassaquatro.sp.gov.br\/portal\/wp-json\/wp\/v2\/posts\/2512\/revisions"}],"wp:featuredmedia":[{"embeddable":true,"href":"https:\/\/www.santaritadopassaquatro.sp.gov.br\/portal\/wp-json\/wp\/v2\/media\/2513"}],"wp:attachment":[{"href":"https:\/\/www.santaritadopassaquatro.sp.gov.br\/portal\/wp-json\/wp\/v2\/media?parent=2512"}],"wp:term":[{"taxonomy":"category","embeddable":true,"href":"https:\/\/www.santaritadopassaquatro.sp.gov.br\/portal\/wp-json\/wp\/v2\/categories?post=2512"},{"taxonomy":"post_tag","embeddable":true,"href":"https:\/\/www.santaritadopassaquatro.sp.gov.br\/portal\/wp-json\/wp\/v2\/tags?post=2512"}],"curies":[{"name":"wp","href":"https:\/\/api.w.org\/{rel}","templated":true}]}}