{"id":2521,"date":"2019-09-30T10:54:36","date_gmt":"2019-09-30T13:54:36","guid":{"rendered":"http:\/\/www.santaritadopassaquatro.sp.gov.br\/portal\/?p=2521"},"modified":"2019-09-30T10:54:36","modified_gmt":"2019-09-30T13:54:36","slug":"acao-guarda-responsavel-de-caes-e-gatos","status":"publish","type":"post","link":"https:\/\/www.santaritadopassaquatro.sp.gov.br\/portal\/acao-guarda-responsavel-de-caes-e-gatos\/","title":{"rendered":"A\u00e7\u00e3o Guarda Respons\u00e1vel de C\u00e3es e Gatos"},"content":{"rendered":"<h4><strong><img decoding=\"async\" class=\"size-medium wp-image-2522 alignleft\" src=\"http:\/\/www.santaritadopassaquatro.sp.gov.br\/portal\/wp-content\/uploads\/2019\/09\/cachorro-2-300x225.jpg\" alt=\"\" width=\"300\" height=\"225\" srcset=\"https:\/\/www.santaritadopassaquatro.sp.gov.br\/portal\/wp-content\/uploads\/2019\/09\/cachorro-2-300x225.jpg 300w, https:\/\/www.santaritadopassaquatro.sp.gov.br\/portal\/wp-content\/uploads\/2019\/09\/cachorro-2-768x576.jpg 768w, https:\/\/www.santaritadopassaquatro.sp.gov.br\/portal\/wp-content\/uploads\/2019\/09\/cachorro-2-1024x768.jpg 1024w, https:\/\/www.santaritadopassaquatro.sp.gov.br\/portal\/wp-content\/uploads\/2019\/09\/cachorro-2.jpg 1032w\" sizes=\"(max-width: 300px) 100vw, 300px\" \/><\/strong>No \u00faltimo S\u00e1bado dia 28 de setembro de 2019, aconteceu mais uma Feira de Ado\u00e7\u00e3o de C\u00e3es e Gatos, durante a Feira do Produtor na Pra\u00e7a do Ros\u00e1rio.<\/h4>\n<h4>A Ong. Bicho sem Teto juntamente com o Departamento de Agricultura e Meio Ambiente organizaram a Feira de Ado\u00e7\u00e3o junto com a Feira de Sobremesa realizada mensalmente pela ong para arrecadar fundos, durante o evento 3 animais foram adotados, sendo um deles um animal adulto.<\/h4>\n<h4>Os animais v\u00e3o para a casa do novo dono microchipados e com as primeiras vacinas em dia.<\/h4>\n<h4><img decoding=\"async\" class=\"size-medium wp-image-2523 alignright\" src=\"http:\/\/www.santaritadopassaquatro.sp.gov.br\/portal\/wp-content\/uploads\/2019\/09\/cachorro-300x225.jpg\" alt=\"\" width=\"300\" height=\"225\" srcset=\"https:\/\/www.santaritadopassaquatro.sp.gov.br\/portal\/wp-content\/uploads\/2019\/09\/cachorro-300x225.jpg 300w, https:\/\/www.santaritadopassaquatro.sp.gov.br\/portal\/wp-content\/uploads\/2019\/09\/cachorro-768x576.jpg 768w, https:\/\/www.santaritadopassaquatro.sp.gov.br\/portal\/wp-content\/uploads\/2019\/09\/cachorro-1024x768.jpg 1024w, https:\/\/www.santaritadopassaquatro.sp.gov.br\/portal\/wp-content\/uploads\/2019\/09\/cachorro.jpg 1032w\" sizes=\"(max-width: 300px) 100vw, 300px\" \/><\/h4>\n<h4>Adotar \u00e9 um ato de amor. E dedicar-se a outro ser vivo, dando-lhe afeto, cuidados e aten\u00e7\u00e3o, \u00e9 parte disso. \u00c9 uma alegria ver como c\u00e3es e gatos t\u00eam conquistado um lar acolhedor, que os protege dos maus tratos das ruas.<\/h4>\n","protected":false},"excerpt":{"rendered":"<p>No \u00faltimo S\u00e1bado dia 28 de setembro de 2019, aconteceu mais uma Feira de Ado\u00e7\u00e3o de C\u00e3es e Gatos, durante<\/p>\n","protected":false},"author":1,"featured_media":2523,"comment_status":"closed","ping_status":"open","sticky":false,"template":"","format":"standard","meta":{"footnotes":""},"categories":[53],"tags":[],"class_list":["post-2521","post","type-post","status-publish","format-standard","has-post-thumbnail","hentry","category-meio-ambiente"],"_links":{"self":[{"href":"https:\/\/www.santaritadopassaquatro.sp.gov.br\/portal\/wp-json\/wp\/v2\/posts\/2521","targetHints":{"allow":["GET"]}}],"collection":[{"href":"https:\/\/www.santaritadopassaquatro.sp.gov.br\/portal\/wp-json\/wp\/v2\/posts"}],"about":[{"href":"https:\/\/www.santaritadopassaquatro.sp.gov.br\/portal\/wp-json\/wp\/v2\/types\/post"}],"author":[{"embeddable":true,"href":"https:\/\/www.santaritadopassaquatro.sp.gov.br\/portal\/wp-json\/wp\/v2\/users\/1"}],"replies":[{"embeddable":true,"href":"https:\/\/www.santaritadopassaquatro.sp.gov.br\/portal\/wp-json\/wp\/v2\/comments?post=2521"}],"version-history":[{"count":0,"href":"https:\/\/www.santaritadopassaquatro.sp.gov.br\/portal\/wp-json\/wp\/v2\/posts\/2521\/revisions"}],"wp:featuredmedia":[{"embeddable":true,"href":"https:\/\/www.santaritadopassaquatro.sp.gov.br\/portal\/wp-json\/wp\/v2\/media\/2523"}],"wp:attachment":[{"href":"https:\/\/www.santaritadopassaquatro.sp.gov.br\/portal\/wp-json\/wp\/v2\/media?parent=2521"}],"wp:term":[{"taxonomy":"category","embeddable":true,"href":"https:\/\/www.santaritadopassaquatro.sp.gov.br\/portal\/wp-json\/wp\/v2\/categories?post=2521"},{"taxonomy":"post_tag","embeddable":true,"href":"https:\/\/www.santaritadopassaquatro.sp.gov.br\/portal\/wp-json\/wp\/v2\/tags?post=2521"}],"curies":[{"name":"wp","href":"https:\/\/api.w.org\/{rel}","templated":true}]}}