{"id":2525,"date":"2019-09-30T13:20:45","date_gmt":"2019-09-30T16:20:45","guid":{"rendered":"http:\/\/www.santaritadopassaquatro.sp.gov.br\/portal\/?p=2525"},"modified":"2019-09-30T13:20:45","modified_gmt":"2019-09-30T16:20:45","slug":"visitacao-a-instalacao-modelo-ubs-pedro-franco-de-oliveira","status":"publish","type":"post","link":"https:\/\/www.santaritadopassaquatro.sp.gov.br\/portal\/visitacao-a-instalacao-modelo-ubs-pedro-franco-de-oliveira\/","title":{"rendered":"Visita\u00e7\u00e3o \u00e0 Instala\u00e7\u00e3o Modelo UBS \u201cPedro Franco de Oliveira\u201d"},"content":{"rendered":"<p>Nessa sexta-feira dia 27 de setembro de 2019 foi realizada visita na UBS \u201cPedro Franco de Oliveira\u201d, pelos funcion\u00e1rios do Departamento de Servi\u00e7os Municipais da Prefeitura Municipal.A UBS Pedro Franco de Oliveira encontra-se localizada \u00e0 Rua Paulo Comin s\/n, pr\u00f3xima \u00e0 Creche Lagoinha e atende toda a popula\u00e7\u00e3o do munic\u00edpio.<\/p>\n<p>Durante a visita foram mostrados os itens relacionados a sustentabilidade e acessibilidade: <strong>Sensor de presen\u00e7a para ilumina\u00e7\u00e3o nos banheiros, Vitr\u00f4s grandes e basculantes, Torneiras das pias com desligamento autom\u00e1tico, L\u00e2mpadas de LED, Banheiro para deficientes, Lixeira de coleta seletiva, Reuso de \u00c1gua, Ventila\u00e7\u00e3o Cruzada, Biciclet\u00e1rio e Ar Condicionado Econ\u00f4mico.<\/strong><\/p>\n","protected":false},"excerpt":{"rendered":"<p>Nessa sexta-feira dia 27 de setembro de 2019 foi realizada visita na UBS \u201cPedro Franco de Oliveira\u201d, pelos funcion\u00e1rios do<\/p>\n","protected":false},"author":1,"featured_media":2526,"comment_status":"closed","ping_status":"open","sticky":false,"template":"","format":"standard","meta":{"footnotes":""},"categories":[53],"tags":[],"class_list":["post-2525","post","type-post","status-publish","format-standard","has-post-thumbnail","hentry","category-meio-ambiente"],"_links":{"self":[{"href":"https:\/\/www.santaritadopassaquatro.sp.gov.br\/portal\/wp-json\/wp\/v2\/posts\/2525","targetHints":{"allow":["GET"]}}],"collection":[{"href":"https:\/\/www.santaritadopassaquatro.sp.gov.br\/portal\/wp-json\/wp\/v2\/posts"}],"about":[{"href":"https:\/\/www.santaritadopassaquatro.sp.gov.br\/portal\/wp-json\/wp\/v2\/types\/post"}],"author":[{"embeddable":true,"href":"https:\/\/www.santaritadopassaquatro.sp.gov.br\/portal\/wp-json\/wp\/v2\/users\/1"}],"replies":[{"embeddable":true,"href":"https:\/\/www.santaritadopassaquatro.sp.gov.br\/portal\/wp-json\/wp\/v2\/comments?post=2525"}],"version-history":[{"count":0,"href":"https:\/\/www.santaritadopassaquatro.sp.gov.br\/portal\/wp-json\/wp\/v2\/posts\/2525\/revisions"}],"wp:featuredmedia":[{"embeddable":true,"href":"https:\/\/www.santaritadopassaquatro.sp.gov.br\/portal\/wp-json\/wp\/v2\/media\/2526"}],"wp:attachment":[{"href":"https:\/\/www.santaritadopassaquatro.sp.gov.br\/portal\/wp-json\/wp\/v2\/media?parent=2525"}],"wp:term":[{"taxonomy":"category","embeddable":true,"href":"https:\/\/www.santaritadopassaquatro.sp.gov.br\/portal\/wp-json\/wp\/v2\/categories?post=2525"},{"taxonomy":"post_tag","embeddable":true,"href":"https:\/\/www.santaritadopassaquatro.sp.gov.br\/portal\/wp-json\/wp\/v2\/tags?post=2525"}],"curies":[{"name":"wp","href":"https:\/\/api.w.org\/{rel}","templated":true}]}}