{"id":2549,"date":"2019-10-01T11:09:45","date_gmt":"2019-10-01T14:09:45","guid":{"rendered":"http:\/\/www.santaritadopassaquatro.sp.gov.br\/portal\/?p=2549"},"modified":"2019-10-02T13:58:36","modified_gmt":"2019-10-02T16:58:36","slug":"alimentacao-escolar-cardapio-outubro-2019","status":"publish","type":"post","link":"https:\/\/www.santaritadopassaquatro.sp.gov.br\/portal\/alimentacao-escolar-cardapio-outubro-2019\/","title":{"rendered":"ALIMENTA\u00c7\u00c3O ESCOLAR: CARD\u00c1PIO OUTUBRO 2019"},"content":{"rendered":"<p><em>(EMEI, ENSINO FUNDAMENTAL E ENSINO M\u00c9DIO)<\/em><\/p>\n<p>&nbsp;<\/p>\n<p><strong>Segunda-feira &#8211; 1 de outubro:<br \/>\n<\/strong>Arroz, feij\u00e3o e carne em cubos com batata.<\/p>\n<p><strong>Ter\u00e7a-feira &#8211; 2 de outubro:<\/strong><\/p>\n<p>Arroz de forno e feij\u00e3o.<\/p>\n<p><strong>Quarta-feira &#8211; 3 de outubro:<br \/>\n<\/strong>Arroz, feij\u00e3o e salada de legumes.<\/p>\n<p><strong>Quinta-feira &#8211; 4 de outubro:<\/strong><\/p>\n<p>Arroz, feij\u00e3o e salada de legumes.<\/p>\n<p><strong>Sexta-feira &#8211; 5 de outubro:<\/strong><\/p>\n<p>Macarr\u00e3o ao molho de salsicha.<\/p>\n<p><strong>\u00a0<\/strong><\/p>\n<p><strong>Segunda-feira \u2013 7 de outubro:<br \/>\n<\/strong>Arroz, feij\u00e3o e strogonoff de carne.<\/p>\n<p><strong>Ter\u00e7a-feira \u2013 8 de outubro:<\/strong><\/p>\n<p>Arroz, feij\u00e3o e polenta ao molho de lingui\u00e7a toscana.<\/p>\n<p><strong>Quarta-feira \u2013 9 de outubro:<br \/>\n<\/strong>Arroz, feij\u00e3o e pernil com mandioca.<\/p>\n<p><strong>Quinta-feira \u2013 10 de outubro:<\/strong><\/p>\n<p>Risoto de salsicha, feij\u00e3o preto. Sobremesa: canjica.<\/p>\n<p><strong>Sexta-feira \u2013 11 de outubro:<\/strong><\/p>\n<p>Macarr\u00e3o ao molho de atum.<\/p>\n<p>&nbsp;<\/p>\n<p><strong>Segunda-feira &#8211; 14 de outubro:<br \/>\n<\/strong>Arroz, feij\u00e3o e farofa primavera.<\/p>\n<p><strong>Ter\u00e7a-feira &#8211; 15 de outubro:<br \/>\n<\/strong>Dia do Professor.<\/p>\n<p><strong>Quarta-feira &#8211; 16 de outubro:<br \/>\n<\/strong>Arroz, feij\u00e3o e polenta ao molho de carne em tiras.<\/p>\n<p><strong>Quinta-feira &#8211; 17 de outubro:<br \/>\n<\/strong>Arroz, feij\u00e3o e carne mo\u00edda com legumes.<\/p>\n<p><strong>Sexta-feira &#8211; 18 de outubro:<br \/>\n<\/strong>Macarr\u00e3o ao molho de lingui\u00e7a calabresa.<\/p>\n<p>&nbsp;<\/p>\n<p><strong>Segunda-feira &#8211; 21 de outubro:<br \/>\n<\/strong>Arroz, feijoada (pernil, carne e lingui\u00e7a).<\/p>\n<p><strong>Ter\u00e7a-feira &#8211; 22 de outubro:<br \/>\n<\/strong>Arroz, feij\u00e3o, salsicha com batata.<\/p>\n<p><strong>Quarta-feira &#8211; 23 de outubro:<br \/>\n<\/strong>Arroz, feij\u00e3o e frango desfiado com tomate, milho e ervilha.<\/p>\n<p><strong>Quinta-feira &#8211; 24 de outubro:<br \/>\n<\/strong>Arroz, feij\u00e3o e polenta ao molho bolonhesa.<\/p>\n<p><strong>Sexta-feira &#8211; 25 de outubro:<br \/>\n<\/strong>Macarr\u00e3o ao molho de mini alm\u00f4ndegas.<\/p>\n<p><strong>\u00a0<\/strong><\/p>\n<p><strong>Segunda-feira &#8211; 28 de outubro:<br \/>\n<\/strong>Ponto facultativo.<\/p>\n<p><strong>Ter\u00e7a-feira &#8211; 29 de outubro:<br \/>\n<\/strong>Arroz de forno feij\u00e3o preto.<\/p>\n<p><strong>Quarta-feira &#8211; 30 de outubro:<br \/>\n<\/strong>Arroz, feij\u00e3o e carne em tiras com mandioca.<\/p>\n<p><strong>Quinta-feira &#8211; 31 de outubro:<br \/>\n<\/strong>Arroz, feij\u00e3o e strogonoff de frango.<\/p>\n<p>&nbsp;<\/p>\n<p><strong>1\u00aa semana:<\/strong> folha, alface; legume, pepino; fruta, uva thompson e banana prata.<\/p>\n<p><strong>2\u00aa semana:<\/strong> folha, alface; legume, tomate, e frutas, nectarina e morango.<\/p>\n<p><strong>3\u00aa semana:<\/strong> folha, alface; legume, br\u00f3colis, e fruta, ma\u00e7\u00e3 nacional e manga tommy.<\/p>\n<p><strong>4\u00aa semana:<\/strong> folha, alface; legume, repolho, e frutas, tangerina murcot e ma\u00e7\u00e3 argentina.<\/p>\n<p><strong>5\u00aa semana:<\/strong> folha, alface; legume, pepino, e frutas, banana e ameixa.<\/p>\n<p>&nbsp;<\/p>\n<p><strong>Observa\u00e7\u00e3o: <\/strong><em>card\u00e1pio sujeito a altera\u00e7\u00f5es caso necess\u00e1rio\u00a0\u00a0\u00a0\u00a0\u00a0\u00a0\u00a0\u00a0\u00a0 .\u00a0\u00a0\u00a0\u00a0\u00a0\u00a0\u00a0\u00a0\u00a0\u00a0\u00a0\u00a0\u00a0\u00a0\u00a0\u00a0\u00a0\u00a0\u00a0\u00a0\u00a0\u00a0 <\/em><\/p>\n<p><strong>Nutricionista respons\u00e1vel t\u00e9cnica: <em>S\u00edlvia Regina Lorencetti (CRN 33915)<\/em>\u00a0\u00a0\u00a0\u00a0\u00a0\u00a0\u00a0\u00a0\u00a0\u00a0\u00a0\u00a0\u00a0\u00a0\u00a0\u00a0\u00a0\u00a0\u00a0\u00a0\u00a0\u00a0\u00a0\u00a0\u00a0\u00a0\u00a0\u00a0\u00a0\u00a0\u00a0\u00a0\u00a0 <\/strong><\/p>\n<p><strong>\u00a0<\/strong><\/p>\n<p>&nbsp;<\/p>\n<p>&nbsp;<\/p>\n","protected":false},"excerpt":{"rendered":"<p>(EMEI, ENSINO FUNDAMENTAL E ENSINO M\u00c9DIO) &nbsp; Segunda-feira &#8211; 1 de outubro: Arroz, feij\u00e3o e carne em cubos com batata.<\/p>\n","protected":false},"author":1,"featured_media":816,"comment_status":"closed","ping_status":"open","sticky":false,"template":"","format":"standard","meta":{"footnotes":""},"categories":[32],"tags":[],"class_list":["post-2549","post","type-post","status-publish","format-standard","has-post-thumbnail","hentry","category-merenda-escolar"],"_links":{"self":[{"href":"https:\/\/www.santaritadopassaquatro.sp.gov.br\/portal\/wp-json\/wp\/v2\/posts\/2549","targetHints":{"allow":["GET"]}}],"collection":[{"href":"https:\/\/www.santaritadopassaquatro.sp.gov.br\/portal\/wp-json\/wp\/v2\/posts"}],"about":[{"href":"https:\/\/www.santaritadopassaquatro.sp.gov.br\/portal\/wp-json\/wp\/v2\/types\/post"}],"author":[{"embeddable":true,"href":"https:\/\/www.santaritadopassaquatro.sp.gov.br\/portal\/wp-json\/wp\/v2\/users\/1"}],"replies":[{"embeddable":true,"href":"https:\/\/www.santaritadopassaquatro.sp.gov.br\/portal\/wp-json\/wp\/v2\/comments?post=2549"}],"version-history":[{"count":3,"href":"https:\/\/www.santaritadopassaquatro.sp.gov.br\/portal\/wp-json\/wp\/v2\/posts\/2549\/revisions"}],"predecessor-version":[{"id":2554,"href":"https:\/\/www.santaritadopassaquatro.sp.gov.br\/portal\/wp-json\/wp\/v2\/posts\/2549\/revisions\/2554"}],"wp:featuredmedia":[{"embeddable":true,"href":"https:\/\/www.santaritadopassaquatro.sp.gov.br\/portal\/wp-json\/wp\/v2\/media\/816"}],"wp:attachment":[{"href":"https:\/\/www.santaritadopassaquatro.sp.gov.br\/portal\/wp-json\/wp\/v2\/media?parent=2549"}],"wp:term":[{"taxonomy":"category","embeddable":true,"href":"https:\/\/www.santaritadopassaquatro.sp.gov.br\/portal\/wp-json\/wp\/v2\/categories?post=2549"},{"taxonomy":"post_tag","embeddable":true,"href":"https:\/\/www.santaritadopassaquatro.sp.gov.br\/portal\/wp-json\/wp\/v2\/tags?post=2549"}],"curies":[{"name":"wp","href":"https:\/\/api.w.org\/{rel}","templated":true}]}}