{"id":2577,"date":"2019-10-04T14:55:25","date_gmt":"2019-10-04T17:55:25","guid":{"rendered":"http:\/\/www.santaritadopassaquatro.sp.gov.br\/portal\/?p=2577"},"modified":"2019-10-04T14:55:25","modified_gmt":"2019-10-04T17:55:25","slug":"atletismo-santa-rita-esta-na-disputa-das-finais-dos-jogos-estaduais-infantis-em-dracena","status":"publish","type":"post","link":"https:\/\/www.santaritadopassaquatro.sp.gov.br\/portal\/atletismo-santa-rita-esta-na-disputa-das-finais-dos-jogos-estaduais-infantis-em-dracena\/","title":{"rendered":"ATLETISMO:\u00a0Santa Rita est\u00e1 na disputa das finais dos Jogos Estaduais Infantis, em Dracena"},"content":{"rendered":"<p><strong><em>Atletas fazem parte do projeto promovidos em conjunto entre Prefeitura, Instituto Edson Luciano Ribeiro e Sesi-SP, com apoio do Caixa<\/em><\/strong><\/p>\n<p>&nbsp;<\/p>\n<figure id=\"attachment_2580\" aria-describedby=\"caption-attachment-2580\" style=\"width: 300px\" class=\"wp-caption alignleft\"><img decoding=\"async\" class=\"wp-image-2580 size-medium\" src=\"http:\/\/www.santaritadopassaquatro.sp.gov.br\/portal\/wp-content\/uploads\/2019\/10\/atletsmo2-300x200.jpg\" alt=\"\" width=\"300\" height=\"200\" srcset=\"https:\/\/www.santaritadopassaquatro.sp.gov.br\/portal\/wp-content\/uploads\/2019\/10\/atletsmo2-300x200.jpg 300w, https:\/\/www.santaritadopassaquatro.sp.gov.br\/portal\/wp-content\/uploads\/2019\/10\/atletsmo2-768x512.jpg 768w, https:\/\/www.santaritadopassaquatro.sp.gov.br\/portal\/wp-content\/uploads\/2019\/10\/atletsmo2-1024x683.jpg 1024w\" sizes=\"(max-width: 300px) 100vw, 300px\" \/><figcaption id=\"caption-attachment-2580\" class=\"wp-caption-text\"><span style=\"font-size: 8pt; color: #999999;\"><em><strong>Prefeito e diretor de Esportes com os treinadores e o atleta que ir\u00e1 disputar a etapa Nacional dos Jogos Escolares (AssCom\/Divulga\u00e7\u00e3o)<\/strong><\/em><\/span><\/figcaption><\/figure>\n<p>O atletismo de Santa Rita do Passa Quatro est\u00e1 na disputa da fase final da segunda edi\u00e7\u00e3o dos Jogos Infantis do Estado de S\u00e3o Paulo, realizado em Dracena at\u00e9 este s\u00e1bado (5\/10).<\/p>\n<p>Cerca de 15 atletas de Santa Rita seguiram na quarta-feira (2\/10) para a disputa nas modalidades arremesso de peso, salto em dist\u00e2ncias, 75 metros, revezamento 4&#215;75 e 4&#215;100, 100 metros rasos e salto em altura.<\/p>\n<p>Treinados por Alderico Alexandre de Oliveira Filho e Matheus Benini, o grupo faz parte do projeto Correndo Para Vencer, do Instituto Edson Luciano Ribeiro, em conjunto com o Departamento Municipal de Esportes e Sesi-SP, com apoio da Caixa. Para chegar \u00e0s finais, os atletas se classificaram na etapa regional em Araraquara, obtendo os primeiros lugares nas cinco modalidades.<\/p>\n<p><img decoding=\"async\" class=\"alignnone size-medium wp-image-2579 alignright\" src=\"http:\/\/www.santaritadopassaquatro.sp.gov.br\/portal\/wp-content\/uploads\/2019\/10\/atletsmo02-300x200.jpg\" alt=\"\" width=\"300\" height=\"200\" srcset=\"https:\/\/www.santaritadopassaquatro.sp.gov.br\/portal\/wp-content\/uploads\/2019\/10\/atletsmo02-300x200.jpg 300w, https:\/\/www.santaritadopassaquatro.sp.gov.br\/portal\/wp-content\/uploads\/2019\/10\/atletsmo02-768x512.jpg 768w, https:\/\/www.santaritadopassaquatro.sp.gov.br\/portal\/wp-content\/uploads\/2019\/10\/atletsmo02-1024x683.jpg 1024w\" sizes=\"(max-width: 300px) 100vw, 300px\" \/>Na ter\u00e7a-feira (1\/10), o prefeito Leandro Luciano dos Santos e o diretor do Departamento de Esportes e Lazer, Antonio Reatto dos Santos, estiveram no Centro Olimpico, onde acontecem os treinamentos de cerca de 120 crian\u00e7as, entre alunos do CAIC e Sesi-SP, visando a forma\u00e7\u00e3o de atletas. \u201cCom investimento e muito trabalho, vamos colhendo frutos, levando o esporte e a cidadania ao alcance das nossas crian\u00e7as, e divulgando nossa Santa Rita como seleiro esportivo\u201d, disse o prefeito.<\/p>\n<p>Promovido pela Secretaria de Esporte, Lazer e Juventude do Estado de S\u00e3o Paulo, a competi\u00e7\u00e3o \u00e9 voltada para atletas na faixa et\u00e1ria de 12 a 16 anos e re\u00fane cerca de 3 mil atletas de v\u00e1rias cidades paulistas.<\/p>\n<p>&nbsp;<\/p>\n<p><strong>NACIONAL<\/strong><\/p>\n<p>Tamb\u00e9m do projeto promovido no Centro Ol\u00edmpico, o atleta santa-ritense Leandro da Silva Ananias, dos 100 metros com barreira, atual campe\u00e3o estadual da categoria sub 15, ir\u00e1 defender o munic\u00edpio na etapa nacional dos Jogos Escolares da Juventude, que acontece em Blumenau (SC), em data a ser definida.<\/p>\n<p><strong>\u00a0<\/strong><\/p>\n<p>&nbsp;<\/p>\n<p><strong><em>\u00a0<\/em><\/strong><\/p>\n","protected":false},"excerpt":{"rendered":"<p>Atletas fazem parte do projeto promovidos em conjunto entre Prefeitura, Instituto Edson Luciano Ribeiro e Sesi-SP, com apoio do Caixa<\/p>\n","protected":false},"author":1,"featured_media":2578,"comment_status":"closed","ping_status":"open","sticky":false,"template":"","format":"standard","meta":{"footnotes":""},"categories":[48,51],"tags":[],"class_list":["post-2577","post","type-post","status-publish","format-standard","has-post-thumbnail","hentry","category-featured","category-sports"],"_links":{"self":[{"href":"https:\/\/www.santaritadopassaquatro.sp.gov.br\/portal\/wp-json\/wp\/v2\/posts\/2577","targetHints":{"allow":["GET"]}}],"collection":[{"href":"https:\/\/www.santaritadopassaquatro.sp.gov.br\/portal\/wp-json\/wp\/v2\/posts"}],"about":[{"href":"https:\/\/www.santaritadopassaquatro.sp.gov.br\/portal\/wp-json\/wp\/v2\/types\/post"}],"author":[{"embeddable":true,"href":"https:\/\/www.santaritadopassaquatro.sp.gov.br\/portal\/wp-json\/wp\/v2\/users\/1"}],"replies":[{"embeddable":true,"href":"https:\/\/www.santaritadopassaquatro.sp.gov.br\/portal\/wp-json\/wp\/v2\/comments?post=2577"}],"version-history":[{"count":0,"href":"https:\/\/www.santaritadopassaquatro.sp.gov.br\/portal\/wp-json\/wp\/v2\/posts\/2577\/revisions"}],"wp:featuredmedia":[{"embeddable":true,"href":"https:\/\/www.santaritadopassaquatro.sp.gov.br\/portal\/wp-json\/wp\/v2\/media\/2578"}],"wp:attachment":[{"href":"https:\/\/www.santaritadopassaquatro.sp.gov.br\/portal\/wp-json\/wp\/v2\/media?parent=2577"}],"wp:term":[{"taxonomy":"category","embeddable":true,"href":"https:\/\/www.santaritadopassaquatro.sp.gov.br\/portal\/wp-json\/wp\/v2\/categories?post=2577"},{"taxonomy":"post_tag","embeddable":true,"href":"https:\/\/www.santaritadopassaquatro.sp.gov.br\/portal\/wp-json\/wp\/v2\/tags?post=2577"}],"curies":[{"name":"wp","href":"https:\/\/api.w.org\/{rel}","templated":true}]}}