{"id":2582,"date":"2019-10-04T14:58:13","date_gmt":"2019-10-04T17:58:13","guid":{"rendered":"http:\/\/www.santaritadopassaquatro.sp.gov.br\/portal\/?p=2582"},"modified":"2019-10-04T14:58:13","modified_gmt":"2019-10-04T17:58:13","slug":"palestras-musical-comemorou-o-dia-do-idoso","status":"publish","type":"post","link":"https:\/\/www.santaritadopassaquatro.sp.gov.br\/portal\/palestras-musical-comemorou-o-dia-do-idoso\/","title":{"rendered":"Palestras musical comemorou o Dia do Idoso"},"content":{"rendered":"<p><strong><em>Promo\u00e7\u00e3o foi do Departamento Municipal de Assist\u00eancia e Desenvolvimento Social e Fundo Social de Solidariedade<\/em><\/strong><\/p>\n<p>&nbsp;<\/p>\n<figure id=\"attachment_2584\" aria-describedby=\"caption-attachment-2584\" style=\"width: 300px\" class=\"wp-caption alignleft\"><img decoding=\"async\" class=\"wp-image-2584 size-medium\" src=\"http:\/\/www.santaritadopassaquatro.sp.gov.br\/portal\/wp-content\/uploads\/2019\/10\/Dia_Idoso_palestra_cantada-300x200.jpg\" alt=\"\" width=\"300\" height=\"200\" srcset=\"https:\/\/www.santaritadopassaquatro.sp.gov.br\/portal\/wp-content\/uploads\/2019\/10\/Dia_Idoso_palestra_cantada-300x200.jpg 300w, https:\/\/www.santaritadopassaquatro.sp.gov.br\/portal\/wp-content\/uploads\/2019\/10\/Dia_Idoso_palestra_cantada-768x512.jpg 768w, https:\/\/www.santaritadopassaquatro.sp.gov.br\/portal\/wp-content\/uploads\/2019\/10\/Dia_Idoso_palestra_cantada-1024x683.jpg 1024w\" sizes=\"(max-width: 300px) 100vw, 300px\" \/><figcaption id=\"caption-attachment-2584\" class=\"wp-caption-text\"><span style=\"font-size: 8pt; color: #999999;\"><em><strong>Palestra cantada, realizada no Ida do Idoso em Santa Rita (AssCom\/Divulga\u00e7\u00e3o)<\/strong><\/em><\/span><\/figcaption><\/figure>\n<p>Um dia muito especial para a \u201cmelhor idade\u201d de Santa Rita do Passa Quatro. Na \u00faltima ter\u00e7a-feira, 1\u00ba de outubro, quando \u00e9 comemorado o \u201cDia Internacional do Idoso\u201d, aconteceu a palestra cantada com o tema \u201cFelicidade\u201d, com H\u00e9lio Gomes.<\/p>\n<p>Promovida pelo Departamento Municipal de Assist\u00eancia e Desenvolvimento Social e Fundo Social de Solidariedade, a e evento aconteceu no Centro Cultural M\u00e1rio Covas, reunindo pessoas assistidas pelos Centros de Conviv\u00eancia do Idoso (CCI) do munic\u00edpio.<\/p>\n<p>A palestra, que teve como objetivo, comemorar a data e homenagear os idosos do munic\u00edpio, contou com a presen\u00e7a da vice-prefeita Maria Rita Mondin de Oliveira, da presidente do Fundo Social de Solidariedade, dona Vera Luciano dos Santos, e a diretora do Departamento de Assist\u00eancia Social, Iara Crott Lorencetti, e o vereador Lucas Comin.<\/p>\n<p>O Dia Internacional das Pessoas Idosas \u00e9 comemorado anualmente em 1\u00ba de outubro, com o objetivo de homenagear as pessoas de mais idade e incentivar a conscientiza\u00e7\u00e3o da sociedade sobre as suas necessidades. A data foi criada por iniciativa da ONU (Organiza\u00e7\u00e3o das Na\u00e7\u00f5es Unidas), em 1991, durante a aprova\u00e7\u00e3o da Resolu\u00e7\u00e3o 46\/91, visando tratar dos direitos dos idosos e criando espa\u00e7os de debate sobre a import\u00e2ncia de preservar o respeito e a dignidade dessas pessoas.<\/p>\n<p>No Brasil, atrav\u00e9s da lei n\u00ba 10.741, de 1 de outubro de 2003, est\u00e1 presente o Estatuto do Idoso, uma legisla\u00e7\u00e3o que disp\u00f5e os direitos assegurados \u00e0s pessoas com idade igual ou superior aos 60 (sessenta) anos.<\/p>\n<p>Santa Rita abriga atualmente cerca de 20% de sua popula\u00e7\u00e3o com 60 anos ou mais de idade, de acordo com a funda\u00e7\u00e3o Seade (Sistema Estadual de An\u00e1lise de Dados).\u00a0 O munic\u00edpio tamb\u00e9m possui uma expectativa m\u00e9dia de vida superior a 78 anos, equivalete a pa\u00edses de primeiro mundo.<\/p>\n<p>&nbsp;<\/p>\n<p>&nbsp;<\/p>\n<p>&nbsp;<\/p>\n<p>&nbsp;<\/p>\n","protected":false},"excerpt":{"rendered":"<p>Promo\u00e7\u00e3o foi do Departamento Municipal de Assist\u00eancia e Desenvolvimento Social e Fundo Social de Solidariedade &nbsp; Um dia muito especial<\/p>\n","protected":false},"author":1,"featured_media":2585,"comment_status":"closed","ping_status":"open","sticky":false,"template":"","format":"standard","meta":{"footnotes":""},"categories":[43],"tags":[],"class_list":["post-2582","post","type-post","status-publish","format-standard","has-post-thumbnail","hentry","category-assistenciasocial"],"_links":{"self":[{"href":"https:\/\/www.santaritadopassaquatro.sp.gov.br\/portal\/wp-json\/wp\/v2\/posts\/2582","targetHints":{"allow":["GET"]}}],"collection":[{"href":"https:\/\/www.santaritadopassaquatro.sp.gov.br\/portal\/wp-json\/wp\/v2\/posts"}],"about":[{"href":"https:\/\/www.santaritadopassaquatro.sp.gov.br\/portal\/wp-json\/wp\/v2\/types\/post"}],"author":[{"embeddable":true,"href":"https:\/\/www.santaritadopassaquatro.sp.gov.br\/portal\/wp-json\/wp\/v2\/users\/1"}],"replies":[{"embeddable":true,"href":"https:\/\/www.santaritadopassaquatro.sp.gov.br\/portal\/wp-json\/wp\/v2\/comments?post=2582"}],"version-history":[{"count":0,"href":"https:\/\/www.santaritadopassaquatro.sp.gov.br\/portal\/wp-json\/wp\/v2\/posts\/2582\/revisions"}],"wp:featuredmedia":[{"embeddable":true,"href":"https:\/\/www.santaritadopassaquatro.sp.gov.br\/portal\/wp-json\/wp\/v2\/media\/2585"}],"wp:attachment":[{"href":"https:\/\/www.santaritadopassaquatro.sp.gov.br\/portal\/wp-json\/wp\/v2\/media?parent=2582"}],"wp:term":[{"taxonomy":"category","embeddable":true,"href":"https:\/\/www.santaritadopassaquatro.sp.gov.br\/portal\/wp-json\/wp\/v2\/categories?post=2582"},{"taxonomy":"post_tag","embeddable":true,"href":"https:\/\/www.santaritadopassaquatro.sp.gov.br\/portal\/wp-json\/wp\/v2\/tags?post=2582"}],"curies":[{"name":"wp","href":"https:\/\/api.w.org\/{rel}","templated":true}]}}