{"id":2587,"date":"2019-10-04T15:00:01","date_gmt":"2019-10-04T18:00:01","guid":{"rendered":"http:\/\/www.santaritadopassaquatro.sp.gov.br\/portal\/?p=2587"},"modified":"2019-10-04T15:00:01","modified_gmt":"2019-10-04T18:00:01","slug":"parceria-inicia-mais-uma-turma-curso-assistente-de-cabeleireiro","status":"publish","type":"post","link":"https:\/\/www.santaritadopassaquatro.sp.gov.br\/portal\/parceria-inicia-mais-uma-turma-curso-assistente-de-cabeleireiro\/","title":{"rendered":"Parceria inicia mais uma turma Curso Assistente de Cabeleireiro"},"content":{"rendered":"<p><strong><em>Promovido pelo Fundo Social de Solidariedade, da Prefeitura Municipal, aulas acontecem no Centro Profissionalizante<\/em><\/strong><\/p>\n<p><strong><em>\u00a0<\/em><\/strong><\/p>\n<figure id=\"attachment_2583\" aria-describedby=\"caption-attachment-2583\" style=\"width: 300px\" class=\"wp-caption alignleft\"><img decoding=\"async\" class=\"wp-image-2583 size-medium\" src=\"http:\/\/www.santaritadopassaquatro.sp.gov.br\/portal\/wp-content\/uploads\/2019\/10\/curso_auxiliar_cabeleiro-300x225.jpeg\" alt=\"\" width=\"300\" height=\"225\" srcset=\"https:\/\/www.santaritadopassaquatro.sp.gov.br\/portal\/wp-content\/uploads\/2019\/10\/curso_auxiliar_cabeleiro-300x225.jpeg 300w, https:\/\/www.santaritadopassaquatro.sp.gov.br\/portal\/wp-content\/uploads\/2019\/10\/curso_auxiliar_cabeleiro-768x576.jpeg 768w, https:\/\/www.santaritadopassaquatro.sp.gov.br\/portal\/wp-content\/uploads\/2019\/10\/curso_auxiliar_cabeleiro-1024x768.jpeg 1024w, https:\/\/www.santaritadopassaquatro.sp.gov.br\/portal\/wp-content\/uploads\/2019\/10\/curso_auxiliar_cabeleiro.jpeg 1032w\" sizes=\"(max-width: 300px) 100vw, 300px\" \/><figcaption id=\"caption-attachment-2583\" class=\"wp-caption-text\"><span style=\"font-size: 8pt; color: #999999;\"><em><strong>Alunos de mais uma turma do curso de auxiliar de cabeleireiro no Centro Profissionalizante Professora M\u00e1rcia de Souza Menegassi (Divulga\u00e7\u00e3o)<\/strong><\/em><\/span><\/figcaption><\/figure>\n<p>O Fundo Social de Solidariedade, da Prefeitura Municipal de Santa Rita do Passa Quatro, iniciou, na \u00faltima segunda-feira (30\/9), mais uma turma do curso de qualifica\u00e7\u00e3o profissional, o curso de Assistente de Cabelereiro. \u00a0Ao todo s\u00e3o 13 alunos e a capacita\u00e7\u00e3o acontece no Centro Profissionalizante Professora M\u00e1rcia de Souza Menegassi, com dura\u00e7\u00e3o de 80 horas.<\/p>\n<p>Com objetivo de gerar oportunidade de emprego e renda atrav\u00e9s da qualifica\u00e7\u00e3o profissional, est\u00e3o sendo oferecidos diversos cursos gratuitos de qualifica\u00e7\u00e3o profissional. Em parceria com o Senai est\u00e3o em andamento os cursos de eletricista instalador e auxiliar administrativo e fundamentos de log\u00edstica. Tamb\u00e9m est\u00e3o acontecendo os cursos de pathwork e croch\u00ea, al\u00e9m do Cursinho Comunit\u00e1rio, ministrado aos s\u00e1bados pela ONG Semeando Mais Vidas<\/p>\n<p>&nbsp;<\/p>\n<p>&nbsp;<\/p>\n<p>&nbsp;<\/p>\n<p>&nbsp;<\/p>\n","protected":false},"excerpt":{"rendered":"<p>Promovido pelo Fundo Social de Solidariedade, da Prefeitura Municipal, aulas acontecem no Centro Profissionalizante \u00a0 O Fundo Social de Solidariedade,<\/p>\n","protected":false},"author":1,"featured_media":2583,"comment_status":"closed","ping_status":"open","sticky":false,"template":"","format":"standard","meta":{"footnotes":""},"categories":[43],"tags":[],"class_list":["post-2587","post","type-post","status-publish","format-standard","has-post-thumbnail","hentry","category-assistenciasocial"],"_links":{"self":[{"href":"https:\/\/www.santaritadopassaquatro.sp.gov.br\/portal\/wp-json\/wp\/v2\/posts\/2587","targetHints":{"allow":["GET"]}}],"collection":[{"href":"https:\/\/www.santaritadopassaquatro.sp.gov.br\/portal\/wp-json\/wp\/v2\/posts"}],"about":[{"href":"https:\/\/www.santaritadopassaquatro.sp.gov.br\/portal\/wp-json\/wp\/v2\/types\/post"}],"author":[{"embeddable":true,"href":"https:\/\/www.santaritadopassaquatro.sp.gov.br\/portal\/wp-json\/wp\/v2\/users\/1"}],"replies":[{"embeddable":true,"href":"https:\/\/www.santaritadopassaquatro.sp.gov.br\/portal\/wp-json\/wp\/v2\/comments?post=2587"}],"version-history":[{"count":0,"href":"https:\/\/www.santaritadopassaquatro.sp.gov.br\/portal\/wp-json\/wp\/v2\/posts\/2587\/revisions"}],"wp:featuredmedia":[{"embeddable":true,"href":"https:\/\/www.santaritadopassaquatro.sp.gov.br\/portal\/wp-json\/wp\/v2\/media\/2583"}],"wp:attachment":[{"href":"https:\/\/www.santaritadopassaquatro.sp.gov.br\/portal\/wp-json\/wp\/v2\/media?parent=2587"}],"wp:term":[{"taxonomy":"category","embeddable":true,"href":"https:\/\/www.santaritadopassaquatro.sp.gov.br\/portal\/wp-json\/wp\/v2\/categories?post=2587"},{"taxonomy":"post_tag","embeddable":true,"href":"https:\/\/www.santaritadopassaquatro.sp.gov.br\/portal\/wp-json\/wp\/v2\/tags?post=2587"}],"curies":[{"name":"wp","href":"https:\/\/api.w.org\/{rel}","templated":true}]}}