{"id":2591,"date":"2019-10-04T15:02:38","date_gmt":"2019-10-04T18:02:38","guid":{"rendered":"http:\/\/www.santaritadopassaquatro.sp.gov.br\/portal\/?p=2591"},"modified":"2019-10-04T15:02:38","modified_gmt":"2019-10-04T18:02:38","slug":"coluna-meio-ambiente","status":"publish","type":"post","link":"https:\/\/www.santaritadopassaquatro.sp.gov.br\/portal\/coluna-meio-ambiente\/","title":{"rendered":"COLUNA MEIO AMBIENTE"},"content":{"rendered":"<p><strong>Biodiversidade, Educa\u00e7\u00e3o Ambiental e Sustentabilidade<\/p>\n<p><\/strong><\/p>\n<p><strong><em>Por: Rodrigo Torres Cardoso<\/em><\/strong><em><br \/>\nDiretor Dep. Agricultura e Meio Ambiente <\/em><\/p>\n<p>&nbsp;<\/p>\n<p>A popula\u00e7\u00e3o mundial tem crescido exponencialmente, e atrelado a esse crescimento est\u00e1 o aumento da produ\u00e7\u00e3o de res\u00edduos s\u00f3lidos. A destina\u00e7\u00e3o correta dos res\u00edduos \u00e9 um grave problema enfrentado pelos centros urbanos, j\u00e1 que existe escassez de \u00e1reas dispon\u00edveis, principalmente nas grandes metr\u00f3poles. REDUZIR a produ\u00e7\u00e3o de lixo \u00e9 a \u00fanica sa\u00edda para que haja sustentabilidade e harmonia entre nosso estilo de vida e a sa\u00fade do planeta, para que se produza menos lixo temos que REDUZIR consumo, ou seja, mudar h\u00e1bitos h\u00e1 tempos implantados na nossa rotina. Al\u00e9m de consumir menos produtos que resultem no aumento do volume de lixo (Sacolas pl\u00e1sticas, vasilhames n\u00e3o retorn\u00e1veis, embalagens descart\u00e1veis, produtos embalados por unidades), \u00e9 necess\u00e1rio que se atente mais \u00e0s formas de destina\u00e7\u00e3o desse material, e tudo come\u00e7a na nossa casa, quando realizamos a SEPARA\u00c7\u00c3O do \u201clixo\u201d. O cen\u00e1rio ideal seria que apenas o que realmente n\u00e3o \u00e9 mais recicl\u00e1vel chegue \u00e0s valas do aterro sanit\u00e1rio, no caso o lixo org\u00e2nico (restos de comida), ou outros materiais contaminados, e que o resto seja separado em recipientes contendo \u201cPL\u00c1STICO\u201d, \u201cPAPEL\u201d, \u201cVIDRO\u201d e \u201cMETAIS\u201d. Esse material separado pode ser destinado da mesma forma que o lixo comum, sendo levado ao aterro ser\u00e1 triado e processado por uma cooperativa de agentes ecol\u00f3gicos, e o volume que \u00e9 destinado \u00e0s valas fica bem reduzido. Fazendo nossa parte, que \u00e9 bem simples, ajudamos de forma efetiva a conserva\u00e7\u00e3o dos recursos do planeta, redu\u00e7\u00e3o de polui\u00e7\u00e3o e ainda aumentos de gastos p\u00fablicos para sanar os problemas causados pelo lixo.<\/p>\n","protected":false},"excerpt":{"rendered":"<p>Biodiversidade, Educa\u00e7\u00e3o Ambiental e Sustentabilidade Por: Rodrigo Torres Cardoso Diretor Dep. Agricultura e Meio Ambiente &nbsp; A popula\u00e7\u00e3o mundial tem<\/p>\n","protected":false},"author":1,"featured_media":2230,"comment_status":"closed","ping_status":"open","sticky":false,"template":"","format":"standard","meta":{"footnotes":""},"categories":[53],"tags":[],"class_list":["post-2591","post","type-post","status-publish","format-standard","has-post-thumbnail","hentry","category-meio-ambiente"],"_links":{"self":[{"href":"https:\/\/www.santaritadopassaquatro.sp.gov.br\/portal\/wp-json\/wp\/v2\/posts\/2591","targetHints":{"allow":["GET"]}}],"collection":[{"href":"https:\/\/www.santaritadopassaquatro.sp.gov.br\/portal\/wp-json\/wp\/v2\/posts"}],"about":[{"href":"https:\/\/www.santaritadopassaquatro.sp.gov.br\/portal\/wp-json\/wp\/v2\/types\/post"}],"author":[{"embeddable":true,"href":"https:\/\/www.santaritadopassaquatro.sp.gov.br\/portal\/wp-json\/wp\/v2\/users\/1"}],"replies":[{"embeddable":true,"href":"https:\/\/www.santaritadopassaquatro.sp.gov.br\/portal\/wp-json\/wp\/v2\/comments?post=2591"}],"version-history":[{"count":0,"href":"https:\/\/www.santaritadopassaquatro.sp.gov.br\/portal\/wp-json\/wp\/v2\/posts\/2591\/revisions"}],"wp:featuredmedia":[{"embeddable":true,"href":"https:\/\/www.santaritadopassaquatro.sp.gov.br\/portal\/wp-json\/wp\/v2\/media\/2230"}],"wp:attachment":[{"href":"https:\/\/www.santaritadopassaquatro.sp.gov.br\/portal\/wp-json\/wp\/v2\/media?parent=2591"}],"wp:term":[{"taxonomy":"category","embeddable":true,"href":"https:\/\/www.santaritadopassaquatro.sp.gov.br\/portal\/wp-json\/wp\/v2\/categories?post=2591"},{"taxonomy":"post_tag","embeddable":true,"href":"https:\/\/www.santaritadopassaquatro.sp.gov.br\/portal\/wp-json\/wp\/v2\/tags?post=2591"}],"curies":[{"name":"wp","href":"https:\/\/api.w.org\/{rel}","templated":true}]}}