{"id":2595,"date":"2019-10-04T15:05:31","date_gmt":"2019-10-04T18:05:31","guid":{"rendered":"http:\/\/www.santaritadopassaquatro.sp.gov.br\/portal\/?p=2595"},"modified":"2019-10-04T15:05:31","modified_gmt":"2019-10-04T18:05:31","slug":"teatro-grupo-quimera-apresenta-o-auto-da-compadecida","status":"publish","type":"post","link":"https:\/\/www.santaritadopassaquatro.sp.gov.br\/portal\/teatro-grupo-quimera-apresenta-o-auto-da-compadecida\/","title":{"rendered":"TEATRO:\u00a0Grupo Quimera apresenta \u201cO Auto da Compadecida\u201d\u00a0  \u00a0"},"content":{"rendered":"<p>&nbsp;<\/p>\n<p><strong><em>Com apoio do Departamento Municipal de Cultura, espet\u00e1culo acontece no pr\u00f3ximo de 23 a 26 de outubro no Centro Cultural M\u00e1rio Covas<\/em><\/strong><\/p>\n<p><strong><em>\u00a0<\/em><\/strong><\/p>\n<p>Durante a \u00faltima semana de outubro, o sagrado e o profano tomar\u00e3o conta do Centro Cultural M\u00e1rio Covas, em Santa Rita do Passa Quatro. Baseado na obra de Ariano Suassuna, o espet\u00e1culo &#8220;O Auto da Compadecia&#8221; estar\u00e1 em cartaz de 23 a 26 de outubro, quarta-feira a s\u00e1bado, no Anfiteatro Am\u00e9rico Persin.<\/p>\n<p>Diversas vezes adaptada para o cinema e teatro, o texto e agora ganha uma vers\u00e3o do Grupo Teatral Quimera, que produziu a pe\u00e7a como produto final de seu Curso Livre de Teatro. Com dire\u00e7\u00e3o de Willian Eul\u00e1lio, produ\u00e7\u00e3o geral de Jo\u00e3o Frutuoso, produ\u00e7\u00e3o local de Fernanda Clati e apoio do Departamento de Cultura e Turismo, da Prefeitura Municipal.<\/p>\n<p>Os ingressos s\u00e3o gratuitos e poder\u00e3o ser retirados com qualquer membro do grupo ou diretamente no Departamento de Cultura, no Museu Zequinha de Abreu, a partir da pr\u00f3xima quinta-feira (10\/10).<\/p>\n<p>\u201cO Auto da Compadecida\u201d apresenta as aventuras de Jo\u00e3o Grilo e Chic\u00f3, que do enterro e do testamento do cachorro do Padeiro e de sua Mulher acabam envolvidos em uma aventura milagrosa em Tapero\u00e1, enfrentando o clero, o canga\u00e7o e at\u00e9 mesmo o Diabo.<\/p>\n<p><strong>\u00a0<\/strong><\/p>\n<p><strong>SERVI\u00c7O<br \/>\nTEATRO &#8211; O AUTO DA COMPADECIDA<br \/>\nQUANDO: <\/strong>de 23 a 26 de outubro de 2019<strong><br \/>\nHOR\u00c1RIO: <\/strong>20 horas.<strong><br \/>\nLOCAL: <\/strong>Centro Cultural M\u00e1rio Covas.<br \/>\n<strong>EVENTO GRATUITO<br \/>\n<\/strong>(retirar ingressos com membros do grupo Quimera ou no Museu Zequinha de Abreu).<\/p>\n<p>&nbsp;<\/p>\n","protected":false},"excerpt":{"rendered":"<p>&nbsp; Com apoio do Departamento Municipal de Cultura, espet\u00e1culo acontece no pr\u00f3ximo de 23 a 26 de outubro no Centro<\/p>\n","protected":false},"author":1,"featured_media":2596,"comment_status":"closed","ping_status":"open","sticky":false,"template":"","format":"standard","meta":{"footnotes":""},"categories":[46,60],"tags":[],"class_list":["post-2595","post","type-post","status-publish","format-standard","has-post-thumbnail","hentry","category-cultura","category-turismo"],"_links":{"self":[{"href":"https:\/\/www.santaritadopassaquatro.sp.gov.br\/portal\/wp-json\/wp\/v2\/posts\/2595","targetHints":{"allow":["GET"]}}],"collection":[{"href":"https:\/\/www.santaritadopassaquatro.sp.gov.br\/portal\/wp-json\/wp\/v2\/posts"}],"about":[{"href":"https:\/\/www.santaritadopassaquatro.sp.gov.br\/portal\/wp-json\/wp\/v2\/types\/post"}],"author":[{"embeddable":true,"href":"https:\/\/www.santaritadopassaquatro.sp.gov.br\/portal\/wp-json\/wp\/v2\/users\/1"}],"replies":[{"embeddable":true,"href":"https:\/\/www.santaritadopassaquatro.sp.gov.br\/portal\/wp-json\/wp\/v2\/comments?post=2595"}],"version-history":[{"count":0,"href":"https:\/\/www.santaritadopassaquatro.sp.gov.br\/portal\/wp-json\/wp\/v2\/posts\/2595\/revisions"}],"wp:featuredmedia":[{"embeddable":true,"href":"https:\/\/www.santaritadopassaquatro.sp.gov.br\/portal\/wp-json\/wp\/v2\/media\/2596"}],"wp:attachment":[{"href":"https:\/\/www.santaritadopassaquatro.sp.gov.br\/portal\/wp-json\/wp\/v2\/media?parent=2595"}],"wp:term":[{"taxonomy":"category","embeddable":true,"href":"https:\/\/www.santaritadopassaquatro.sp.gov.br\/portal\/wp-json\/wp\/v2\/categories?post=2595"},{"taxonomy":"post_tag","embeddable":true,"href":"https:\/\/www.santaritadopassaquatro.sp.gov.br\/portal\/wp-json\/wp\/v2\/tags?post=2595"}],"curies":[{"name":"wp","href":"https:\/\/api.w.org\/{rel}","templated":true}]}}