{"id":2613,"date":"2019-10-04T15:22:09","date_gmt":"2019-10-04T18:22:09","guid":{"rendered":"http:\/\/www.santaritadopassaquatro.sp.gov.br\/portal\/?p=2613"},"modified":"2019-10-04T15:22:09","modified_gmt":"2019-10-04T18:22:09","slug":"eleicao-para-conselheiros-tutelares-quadrienio-20202023","status":"publish","type":"post","link":"https:\/\/www.santaritadopassaquatro.sp.gov.br\/portal\/eleicao-para-conselheiros-tutelares-quadrienio-20202023\/","title":{"rendered":"ELEI\u00c7\u00c3O PARA CONSELHEIROS TUTELARES \u2013 QUADRI\u00caNIO 2020\/2023"},"content":{"rendered":"<p><strong><em>DIA 06 DE OUTUBRO DE 2019 &#8211;\u00a0<\/em><\/strong><strong><em>DAS 08H \u00c0S 17H\u00a0 &#8211;\u00a0<\/em><\/strong><strong><em>EMEF \u201cMADRE CARMELITA\u201d<\/em><\/strong><\/p>\n<p><strong><em>(PRA\u00c7A PROFESSOR LAURO COSTA, N\u00ba 61)<\/em><\/strong><\/p>\n<p><strong><em>\u00a0<\/em><\/strong><strong><em>APRESENTA\u00c7\u00c3O OBRIGAT\u00d3RIA DE DOCUMENTO DE IDENTIDADE COM FOTO <\/em><\/strong><\/p>\n<p><em><strong>\u00a0<\/strong><\/em><em><strong>POR QUE \u00c9 IMPORTANTE VOC\u00ca VOTAR:<\/strong><\/em><\/p>\n<p><em><strong><u>CRIAN\u00c7AS E ADOLESCENTES S\u00c3O SUJEITOS DE DIREITOS&#8221;<\/u><\/strong><\/em><strong>\u00a0&#8211;\u00a0<em>sujeitos de direitos s\u00e3o pessoas que t\u00eam os seus direitos garantidos por lei.<\/em><\/strong><\/p>\n<p><em><strong>Seus direitos devem ser tratados com prioridade absoluta&#8221;<\/strong><\/em><strong><em>\u00a0&#8211; isso quer dizer que os direitos das crian\u00e7as e dos adolescentes est\u00e3o em primeiro lugar.<\/em><\/strong><\/p>\n<p><em><strong>ARTIGO 227 \u2013 CONSTITUI\u00c7\u00c3O FEDERAL (CF) &#8211; &#8220;\u00c9 dever da fam\u00edlia, da sociedade e do estado assegurar \u00e0 crian\u00e7a e ao adolescente, com absoluta prioridade, o direito \u00e0 vida, \u00e0 sa\u00fade, \u00e0 alimenta\u00e7\u00e3o, \u00e0 educa\u00e7\u00e3o, ao lazer, \u00e0 profissionaliza\u00e7\u00e3o, \u00e0 cultura, \u00e0 dignidade, ao respeito, \u00e0 liberdade e \u00e0 conviv\u00eancia familiar e comunit\u00e1ria, al\u00e9m de coloc\u00e1-los a salvo de toda forma de neglig\u00eancia, discrimina\u00e7\u00e3o, explora\u00e7\u00e3o, viol\u00eancia, crueldade e opress\u00e3o.&#8221;<\/strong><\/em><\/p>\n<p><strong><em>\u00c9 ATRAV\u00c9S DO EXERC\u00cdCIO DO COMPROMISSO SOCIAL E DA CIDADANIA QUE PODEMOS GARANTIR OS DIREITOS DAS CRIAN\u00c7AS E DOS ADOLESCENTES!!!<\/em><\/strong><\/p>\n<p><strong><em>VOTE CONSCIENTE!<\/em><\/strong><\/p>\n<p><strong><em>O CONSELHO MUNICIPAL DOS DIREITOS DA CRIAN\u00c7A E DO ADOLESCENTE AGRADECE ANTECIPADAMENTE A PARTICIPA\u00c7\u00c3O DE TODOS!<\/em><\/strong><\/p>\n<p style=\"text-align: center;\"><img decoding=\"async\" class=\"alignnone  wp-image-2614\" src=\"http:\/\/www.santaritadopassaquatro.sp.gov.br\/portal\/wp-content\/uploads\/2019\/10\/cartaz_imagem-199x300.jpg\" alt=\"\" width=\"494\" height=\"745\" \/><\/p>\n","protected":false},"excerpt":{"rendered":"<p>DIA 06 DE OUTUBRO DE 2019 &#8211;\u00a0DAS 08H \u00c0S 17H\u00a0 &#8211;\u00a0EMEF \u201cMADRE CARMELITA\u201d (PRA\u00c7A PROFESSOR LAURO COSTA, N\u00ba 61) \u00a0APRESENTA\u00c7\u00c3O<\/p>\n","protected":false},"author":1,"featured_media":2615,"comment_status":"closed","ping_status":"open","sticky":false,"template":"","format":"standard","meta":{"footnotes":""},"categories":[37,52],"tags":[],"class_list":["post-2613","post","type-post","status-publish","format-standard","has-post-thumbnail","hentry","category-conselhos-municipais","category-latest"],"_links":{"self":[{"href":"https:\/\/www.santaritadopassaquatro.sp.gov.br\/portal\/wp-json\/wp\/v2\/posts\/2613","targetHints":{"allow":["GET"]}}],"collection":[{"href":"https:\/\/www.santaritadopassaquatro.sp.gov.br\/portal\/wp-json\/wp\/v2\/posts"}],"about":[{"href":"https:\/\/www.santaritadopassaquatro.sp.gov.br\/portal\/wp-json\/wp\/v2\/types\/post"}],"author":[{"embeddable":true,"href":"https:\/\/www.santaritadopassaquatro.sp.gov.br\/portal\/wp-json\/wp\/v2\/users\/1"}],"replies":[{"embeddable":true,"href":"https:\/\/www.santaritadopassaquatro.sp.gov.br\/portal\/wp-json\/wp\/v2\/comments?post=2613"}],"version-history":[{"count":1,"href":"https:\/\/www.santaritadopassaquatro.sp.gov.br\/portal\/wp-json\/wp\/v2\/posts\/2613\/revisions"}],"predecessor-version":[{"id":2616,"href":"https:\/\/www.santaritadopassaquatro.sp.gov.br\/portal\/wp-json\/wp\/v2\/posts\/2613\/revisions\/2616"}],"wp:featuredmedia":[{"embeddable":true,"href":"https:\/\/www.santaritadopassaquatro.sp.gov.br\/portal\/wp-json\/wp\/v2\/media\/2615"}],"wp:attachment":[{"href":"https:\/\/www.santaritadopassaquatro.sp.gov.br\/portal\/wp-json\/wp\/v2\/media?parent=2613"}],"wp:term":[{"taxonomy":"category","embeddable":true,"href":"https:\/\/www.santaritadopassaquatro.sp.gov.br\/portal\/wp-json\/wp\/v2\/categories?post=2613"},{"taxonomy":"post_tag","embeddable":true,"href":"https:\/\/www.santaritadopassaquatro.sp.gov.br\/portal\/wp-json\/wp\/v2\/tags?post=2613"}],"curies":[{"name":"wp","href":"https:\/\/api.w.org\/{rel}","templated":true}]}}