{"id":2617,"date":"2019-10-04T15:28:05","date_gmt":"2019-10-04T18:28:05","guid":{"rendered":"http:\/\/www.santaritadopassaquatro.sp.gov.br\/portal\/?p=2617"},"modified":"2019-10-04T15:28:05","modified_gmt":"2019-10-04T18:28:05","slug":"junto-a-aprecesp-prefeito-busca-a-desburocratizacao-de-processos","status":"publish","type":"post","link":"https:\/\/www.santaritadopassaquatro.sp.gov.br\/portal\/junto-a-aprecesp-prefeito-busca-a-desburocratizacao-de-processos\/","title":{"rendered":"Junto a Aprecesp, prefeito busca a desburocratiza\u00e7\u00e3o de processos"},"content":{"rendered":"<p><strong><em>Objetivo \u00e9 agilizar a libera\u00e7\u00e3o de recursos para Est\u00e2ncias e MITs, pelo desenvolvimento turismo em todo Estado<\/em><\/strong><\/p>\n<p><strong><em>\u00a0<\/em><\/strong><\/p>\n<figure id=\"attachment_2618\" aria-describedby=\"caption-attachment-2618\" style=\"width: 300px\" class=\"wp-caption alignleft\"><img decoding=\"async\" class=\"wp-image-2618 size-medium\" src=\"http:\/\/www.santaritadopassaquatro.sp.gov.br\/portal\/wp-content\/uploads\/2019\/10\/setur_reuniao_30setembro-300x225.jpeg\" alt=\"\" width=\"300\" height=\"225\" srcset=\"https:\/\/www.santaritadopassaquatro.sp.gov.br\/portal\/wp-content\/uploads\/2019\/10\/setur_reuniao_30setembro-300x225.jpeg 300w, https:\/\/www.santaritadopassaquatro.sp.gov.br\/portal\/wp-content\/uploads\/2019\/10\/setur_reuniao_30setembro-768x576.jpeg 768w, https:\/\/www.santaritadopassaquatro.sp.gov.br\/portal\/wp-content\/uploads\/2019\/10\/setur_reuniao_30setembro.jpeg 1024w\" sizes=\"(max-width: 300px) 100vw, 300px\" \/><figcaption id=\"caption-attachment-2618\" class=\"wp-caption-text\"><span style=\"font-size: 8pt; color: #999999;\"><em><strong>Prefeito representando a Aprecesp, junto com o vice-presidente da Amitesp: Est\u00e2ncias e MITs unidos pelo desenvolvimento do Turismo (Doculga\u00e7\u00e3o)<\/strong><\/em><\/span><\/figcaption><\/figure>\n<p>Presidente da Aprrecesp (Associa\u00e7\u00e3o das Est\u00e2ncias do Estado de S\u00e3o Paulo), o prefeito de Santa Rita do Passa Quatro, Leandro Luciano dos Santos, esteve em mais uma reuni\u00e3o na Secretaria de Estado de Turismo, na \u00faltima segunda-feira (30\/9).<\/p>\n<p>A reuni\u00e3o tamb\u00e9m contou com a presen\u00e7a o vice-presidente da Amitesp (Associa\u00e7\u00e3o dos Munic\u00edpios de Interesse Tur\u00edstico), o prefeito de Nazar\u00e9 Paulista, Murilo Pinheiro; do diretor de servi\u00e7os da CPOS (Coa. Paulista de Obras e Servi\u00e7os), Arley Ayres; e do secret\u00e1rio executivo da Setur\/SP, Marcelo Costa.<\/p>\n<p>O objetivo foi tratar da desburocratiza\u00e7\u00e3o dos processos para que os recursos para turismo possam ser liberados mais rapidamente, facilitando a realiza\u00e7\u00e3o das in\u00fameras obras nas est\u00e2ncias e MITs, visando assim o maior desenvolvimento do turismo paulista, em busca da gera\u00e7\u00e3o de oportunidades de emprego e renda para toda popula\u00e7\u00e3o.<\/p>\n<p><strong>\u00a0<\/strong><\/p>\n<p>&nbsp;<\/p>\n","protected":false},"excerpt":{"rendered":"<p>Objetivo \u00e9 agilizar a libera\u00e7\u00e3o de recursos para Est\u00e2ncias e MITs, pelo desenvolvimento turismo em todo Estado \u00a0 Presidente da<\/p>\n","protected":false},"author":1,"featured_media":2618,"comment_status":"closed","ping_status":"open","sticky":false,"template":"","format":"standard","meta":{"footnotes":""},"categories":[52,57,60],"tags":[],"class_list":["post-2617","post","type-post","status-publish","format-standard","has-post-thumbnail","hentry","category-latest","category-politics","category-turismo"],"_links":{"self":[{"href":"https:\/\/www.santaritadopassaquatro.sp.gov.br\/portal\/wp-json\/wp\/v2\/posts\/2617","targetHints":{"allow":["GET"]}}],"collection":[{"href":"https:\/\/www.santaritadopassaquatro.sp.gov.br\/portal\/wp-json\/wp\/v2\/posts"}],"about":[{"href":"https:\/\/www.santaritadopassaquatro.sp.gov.br\/portal\/wp-json\/wp\/v2\/types\/post"}],"author":[{"embeddable":true,"href":"https:\/\/www.santaritadopassaquatro.sp.gov.br\/portal\/wp-json\/wp\/v2\/users\/1"}],"replies":[{"embeddable":true,"href":"https:\/\/www.santaritadopassaquatro.sp.gov.br\/portal\/wp-json\/wp\/v2\/comments?post=2617"}],"version-history":[{"count":0,"href":"https:\/\/www.santaritadopassaquatro.sp.gov.br\/portal\/wp-json\/wp\/v2\/posts\/2617\/revisions"}],"wp:featuredmedia":[{"embeddable":true,"href":"https:\/\/www.santaritadopassaquatro.sp.gov.br\/portal\/wp-json\/wp\/v2\/media\/2618"}],"wp:attachment":[{"href":"https:\/\/www.santaritadopassaquatro.sp.gov.br\/portal\/wp-json\/wp\/v2\/media?parent=2617"}],"wp:term":[{"taxonomy":"category","embeddable":true,"href":"https:\/\/www.santaritadopassaquatro.sp.gov.br\/portal\/wp-json\/wp\/v2\/categories?post=2617"},{"taxonomy":"post_tag","embeddable":true,"href":"https:\/\/www.santaritadopassaquatro.sp.gov.br\/portal\/wp-json\/wp\/v2\/tags?post=2617"}],"curies":[{"name":"wp","href":"https:\/\/api.w.org\/{rel}","templated":true}]}}