{"id":2620,"date":"2019-10-04T15:30:12","date_gmt":"2019-10-04T18:30:12","guid":{"rendered":"http:\/\/www.santaritadopassaquatro.sp.gov.br\/portal\/?p=2620"},"modified":"2019-10-04T15:30:12","modified_gmt":"2019-10-04T18:30:12","slug":"comecou-a-reforma-no-centro-de-lazer-do-trabalhador","status":"publish","type":"post","link":"https:\/\/www.santaritadopassaquatro.sp.gov.br\/portal\/comecou-a-reforma-no-centro-de-lazer-do-trabalhador\/","title":{"rendered":"Come\u00e7ou a reforma no Centro de Lazer do Trabalhador"},"content":{"rendered":"<p><strong><em>Local tamb\u00e9m ir\u00e1 ganhar uma nova quadra coberta, com recursos do Minist\u00e9rio dos Esportes; piscina ficara fechada para atividades durante o per\u00edodo das obras<\/em><\/strong><\/p>\n<p>&nbsp;<\/p>\n<figure id=\"attachment_2621\" aria-describedby=\"caption-attachment-2621\" style=\"width: 300px\" class=\"wp-caption alignleft\"><img decoding=\"async\" class=\"wp-image-2621 size-medium\" src=\"http:\/\/www.santaritadopassaquatro.sp.gov.br\/portal\/wp-content\/uploads\/2019\/10\/reforma_piscina_centro_lazer-300x200.jpg\" alt=\"\" width=\"300\" height=\"200\" srcset=\"https:\/\/www.santaritadopassaquatro.sp.gov.br\/portal\/wp-content\/uploads\/2019\/10\/reforma_piscina_centro_lazer-300x200.jpg 300w, https:\/\/www.santaritadopassaquatro.sp.gov.br\/portal\/wp-content\/uploads\/2019\/10\/reforma_piscina_centro_lazer-768x512.jpg 768w, https:\/\/www.santaritadopassaquatro.sp.gov.br\/portal\/wp-content\/uploads\/2019\/10\/reforma_piscina_centro_lazer-1024x683.jpg 1024w\" sizes=\"(max-width: 300px) 100vw, 300px\" \/><figcaption id=\"caption-attachment-2621\" class=\"wp-caption-text\"><span style=\"font-size: 8pt; color: #999999;\"><em><strong>As obras na piscina do Centro de Lazer do Trabalhador, que est\u00e1 com as atividades suspensas durante reforma do local (AssCom\/Divulga\u00e7\u00e3o)<\/strong><\/em><\/span><\/figcaption><\/figure>\n<p>Come\u00e7aram as obras de reforma no Centro de Lazer do Trabalhador Waldomiro Braz Barioni, em Santa Rita do Passa Quatro. O local receber\u00e1 reparos na piscina coberta, nos banheiros, al\u00e9m de substitui\u00e7\u00e3o de pisos e forros, al\u00e9m da instala\u00e7\u00e3o de ventila\u00e7\u00e3o cruzada, para melhora a temperatura ambiente, especialmente quando o aquecimento da \u00e1gua \u00e9 acionado.<\/p>\n<p>A pra\u00e7a esportiva, que j\u00e1 conta com campos de grama sint\u00e9tica e de areia, ir\u00e1 receber uma quadra coberta com vesti\u00e1rios, se tornando mais uma op\u00e7\u00e3o para pr\u00e1tica de esportes na cidade. O investimento ser\u00e1 de R$ 820 mil, com recursos do Minist\u00e9rio dos Esportes, conquistados pelo prefeito Leandro Luciano dos Santos, em Bras\u00edlia.<\/p>\n<p>O local, que j\u00e1 oferece op\u00e7\u00f5es para pr\u00e1tica de esportes e lazer, em breve ir\u00e1 atender a popula\u00e7\u00e3o com mais esta op\u00e7\u00e3o, atrav\u00e9s do trabalho conjunto entre o Departamento de Obras e Infraestrutura e Departamento de Esportes, Cultura, Lazer e Turismo, da Prefeitura Municipal.<\/p>\n<p>Este \u00e9 o segundo melhoramento no local realizado pelo governo municipal. H\u00e1 quatro anos foram investidos cerca de R$ 350 mil, com a constru\u00e7\u00e3o da quadra de futebol com grama sint\u00e9tica, com alambrado e ilumina\u00e7\u00e3o adequada.<\/p>\n<p>Denominado Complexo Esportivo Heber Miqu\u00e9ias Pereira de Goes e Quadra Esportiva Pedro Roberto Perussi \u201cToco\u201d, o local foi entregue \u00e0 popula\u00e7\u00e3o em novembro de 2015.<\/p>\n<p>&nbsp;<\/p>\n<p><strong>PISCINA FECHADA &#8211; <\/strong>A Prefeitura informa que no per\u00edodo das obras a piscina ficar\u00e1 fechada e ser\u00e3o suspensas a atividades at\u00e9 que a reforma esteja conclu\u00edda.<\/p>\n<p><strong>\u00a0<\/strong><\/p>\n<p><strong>\u00a0<\/strong><\/p>\n<p>&nbsp;<\/p>\n<p>&nbsp;<\/p>\n<p>&nbsp;<\/p>\n","protected":false},"excerpt":{"rendered":"<p>Local tamb\u00e9m ir\u00e1 ganhar uma nova quadra coberta, com recursos do Minist\u00e9rio dos Esportes; piscina ficara fechada para atividades durante<\/p>\n","protected":false},"author":1,"featured_media":2622,"comment_status":"closed","ping_status":"open","sticky":false,"template":"","format":"standard","meta":{"footnotes":""},"categories":[51,52,55],"tags":[],"class_list":["post-2620","post","type-post","status-publish","format-standard","has-post-thumbnail","hentry","category-sports","category-latest","category-obras"],"_links":{"self":[{"href":"https:\/\/www.santaritadopassaquatro.sp.gov.br\/portal\/wp-json\/wp\/v2\/posts\/2620","targetHints":{"allow":["GET"]}}],"collection":[{"href":"https:\/\/www.santaritadopassaquatro.sp.gov.br\/portal\/wp-json\/wp\/v2\/posts"}],"about":[{"href":"https:\/\/www.santaritadopassaquatro.sp.gov.br\/portal\/wp-json\/wp\/v2\/types\/post"}],"author":[{"embeddable":true,"href":"https:\/\/www.santaritadopassaquatro.sp.gov.br\/portal\/wp-json\/wp\/v2\/users\/1"}],"replies":[{"embeddable":true,"href":"https:\/\/www.santaritadopassaquatro.sp.gov.br\/portal\/wp-json\/wp\/v2\/comments?post=2620"}],"version-history":[{"count":0,"href":"https:\/\/www.santaritadopassaquatro.sp.gov.br\/portal\/wp-json\/wp\/v2\/posts\/2620\/revisions"}],"wp:featuredmedia":[{"embeddable":true,"href":"https:\/\/www.santaritadopassaquatro.sp.gov.br\/portal\/wp-json\/wp\/v2\/media\/2622"}],"wp:attachment":[{"href":"https:\/\/www.santaritadopassaquatro.sp.gov.br\/portal\/wp-json\/wp\/v2\/media?parent=2620"}],"wp:term":[{"taxonomy":"category","embeddable":true,"href":"https:\/\/www.santaritadopassaquatro.sp.gov.br\/portal\/wp-json\/wp\/v2\/categories?post=2620"},{"taxonomy":"post_tag","embeddable":true,"href":"https:\/\/www.santaritadopassaquatro.sp.gov.br\/portal\/wp-json\/wp\/v2\/tags?post=2620"}],"curies":[{"name":"wp","href":"https:\/\/api.w.org\/{rel}","templated":true}]}}