{"id":2624,"date":"2019-10-04T15:33:11","date_gmt":"2019-10-04T18:33:11","guid":{"rendered":"http:\/\/www.santaritadopassaquatro.sp.gov.br\/portal\/?p=2624"},"modified":"2019-10-04T15:33:11","modified_gmt":"2019-10-04T18:33:11","slug":"iniciadas-as-reformas-em-tres-escolas-municipais","status":"publish","type":"post","link":"https:\/\/www.santaritadopassaquatro.sp.gov.br\/portal\/iniciadas-as-reformas-em-tres-escolas-municipais\/","title":{"rendered":"Iniciadas as reformas em tr\u00eas escolas municipais"},"content":{"rendered":"<p><strong><em>EMEF Francisco Ribeiro, EMEF Jo\u00e3o B. R. Corr\u00eaa e EMEI Jo\u00e3o Ribaldo est\u00e3o recebendo investimento recursos da Verba QESE e parceria com iniciativa privada<\/em><\/strong><\/p>\n<p>&nbsp;<\/p>\n<figure id=\"attachment_2626\" aria-describedby=\"caption-attachment-2626\" style=\"width: 300px\" class=\"wp-caption alignleft\"><img decoding=\"async\" class=\"wp-image-2626 size-medium\" src=\"http:\/\/www.santaritadopassaquatro.sp.gov.br\/portal\/wp-content\/uploads\/2019\/10\/Francisco_ribeiro_02-300x200.jpg\" alt=\"\" width=\"300\" height=\"200\" srcset=\"https:\/\/www.santaritadopassaquatro.sp.gov.br\/portal\/wp-content\/uploads\/2019\/10\/Francisco_ribeiro_02-300x200.jpg 300w, https:\/\/www.santaritadopassaquatro.sp.gov.br\/portal\/wp-content\/uploads\/2019\/10\/Francisco_ribeiro_02-768x512.jpg 768w, https:\/\/www.santaritadopassaquatro.sp.gov.br\/portal\/wp-content\/uploads\/2019\/10\/Francisco_ribeiro_02-1024x683.jpg 1024w\" sizes=\"(max-width: 300px) 100vw, 300px\" \/><figcaption id=\"caption-attachment-2626\" class=\"wp-caption-text\"><span style=\"font-size: 8pt; color: #999999;\"><em><strong>O prefeito em visita \u00e0s obras iniciadas na EMEF Francisco Ribeiro e EMEF Jo\u00e3o Baptista da Rocha Corr\u00eaa (AssCom\/Divulga\u00e7\u00e3o)<\/strong><\/em><\/span><\/figcaption><\/figure>\n<p>Mais tr\u00eas escolas municipais de Santa Rita do Passa Quatro est\u00e3o sendo reformadas pela Prefeitura Municipal. As obras j\u00e1 iniciaram na EMEF Francisco Ribeiro, no centro da cidade, EMEF Jo\u00e3o Baptista da Rocha Corr\u00eaa e EMEI Jo\u00e3o Batista Rodrigues Ribaldo, atrav\u00e9s do Departamento Municipal de Obras e Infraestrutura.<\/p>\n<p>As duas escolas de Ensino Fundamental sert\u00e3o recebendo investimento total de R$ 380 mil, com recursos da chamada verba QESE (Quota Estadual do Sal\u00e1rio Educa\u00e7\u00e3o), destinado exclusivamente a melhorias no setor de educa\u00e7\u00e3o. J\u00e1 a EMEI a obra acontece em parceria com a inciativa privada.<\/p>\n<p><img decoding=\"async\" class=\"alignnone size-medium wp-image-2627 alignright\" src=\"http:\/\/www.santaritadopassaquatro.sp.gov.br\/portal\/wp-content\/uploads\/2019\/10\/EMEF_JBRCorrea01-300x200.jpg\" alt=\"\" width=\"300\" height=\"200\" srcset=\"https:\/\/www.santaritadopassaquatro.sp.gov.br\/portal\/wp-content\/uploads\/2019\/10\/EMEF_JBRCorrea01-300x200.jpg 300w, https:\/\/www.santaritadopassaquatro.sp.gov.br\/portal\/wp-content\/uploads\/2019\/10\/EMEF_JBRCorrea01-768x512.jpg 768w, https:\/\/www.santaritadopassaquatro.sp.gov.br\/portal\/wp-content\/uploads\/2019\/10\/EMEF_JBRCorrea01-1024x683.jpg 1024w\" sizes=\"(max-width: 300px) 100vw, 300px\" \/>Com investimentos de R$ 190 mil, a EMEF Francisco Ribeiro, que completou 100 anos e, 2014 e tem pr\u00e9dio tombado como patrim\u00f4nio hist\u00f3rico pelo Condephaat (Conselho de Defesa do Patrim\u00f4nio Hist\u00f3rico, Arqueol\u00f3gico, Art\u00edstico e Tur\u00edstico), ir\u00e1 receber nova pintura e reparos. A empresa vencedora da licita\u00e7\u00e3o foi a Engebase Constru\u00e7\u00e3o e Gerenciamento Ltda. EPP, da cidade de S\u00e3o Paulo.<\/p>\n<p>Tamb\u00e9m com R$ 190 em investimentos, a EMEF Jo\u00e3o Baptista da Rocha Corr\u00eaa receber\u00e1 refor\u00e7o estrutural e tamb\u00e9m pequenos reparos no antigo pr\u00e9dio. Para esta obra, a empresa vencedora foi a Construmeta, de Tamba\u00fa (SP).<\/p>\n<figure id=\"attachment_2628\" aria-describedby=\"caption-attachment-2628\" style=\"width: 300px\" class=\"wp-caption alignleft\"><img decoding=\"async\" class=\"wp-image-2628 size-medium\" src=\"http:\/\/www.santaritadopassaquatro.sp.gov.br\/portal\/wp-content\/uploads\/2019\/10\/emei_joao_robaldo_reforma-300x200.jpg\" alt=\"\" width=\"300\" height=\"200\" srcset=\"https:\/\/www.santaritadopassaquatro.sp.gov.br\/portal\/wp-content\/uploads\/2019\/10\/emei_joao_robaldo_reforma-300x200.jpg 300w, https:\/\/www.santaritadopassaquatro.sp.gov.br\/portal\/wp-content\/uploads\/2019\/10\/emei_joao_robaldo_reforma-768x512.jpg 768w, https:\/\/www.santaritadopassaquatro.sp.gov.br\/portal\/wp-content\/uploads\/2019\/10\/emei_joao_robaldo_reforma-1024x683.jpg 1024w\" sizes=\"(max-width: 300px) 100vw, 300px\" \/><figcaption id=\"caption-attachment-2628\" class=\"wp-caption-text\"><span style=\"font-size: 8pt; color: #999999;\"><em><strong>A EMEI Jo\u00e3o Ribaldo est\u00e1 sendo reformada gra\u00e7as \u00e0 parceria com a iniciativa privada (AssCom\/Divulga\u00e7\u00e3o)<\/strong><\/em><\/span><\/figcaption><\/figure>\n<p>Na EMEI Jo\u00e3o Ribaldo, que tamb\u00e9m est\u00e1 recebendo nova pintura e reparos, as obras est\u00e3o sendo executadas pela empresa parceira.<\/p>\n<p>Esta semana o prefeito Leandro Luciano dos Santos esteve em visita \u00e0s tr\u00eas obras, conferindo os trabalhos que est\u00e3o sendo realizados. \u201cNos \u00faltimos anos, reformamos diversas creches e agora essas escolas municipais, refor\u00e7ando nosso empenho em investir cada vez mais da educa\u00e7\u00e3o, um dos principais pilares da cidadania\u201d, disse o prefeito.<\/p>\n<p>As escolas permanecer\u00e3o em aulas normais at\u00e9 o final do ano letivo. As obras dever\u00e3o ser conclu\u00eddas j\u00e1 no per\u00edodo de f\u00e9rias escolares.<\/p>\n<p><strong>\u00a0<\/strong><\/p>\n<p><strong>INVESTIMENTOS <\/strong><\/p>\n<p>Entre 2014 e 2015, em trabalho conjunto entre os departamentos de Obras e de Educa\u00e7\u00e3o, foram reformadas as creches municipais Ana Mardegan Scorsolini (Jd. S\u00e3o Luiz), Assumpta Piovato Missiato (Jd. Nova Santa Rita), Ant\u00f4nia Gusman Scorsolini (Lagoinha) e Professora Camila de Lellis Sereghetti (Vila Kennedy), al\u00e9m da EMEI Maria Am\u00e9lia Vanzella de Gobbi (Botafogo).<\/p>\n<p>&nbsp;<\/p>\n<p>&nbsp;<\/p>\n<p>&nbsp;<\/p>\n<p>&nbsp;<\/p>\n","protected":false},"excerpt":{"rendered":"<p>EMEF Francisco Ribeiro, EMEF Jo\u00e3o B. R. Corr\u00eaa e EMEI Jo\u00e3o Ribaldo est\u00e3o recebendo investimento recursos da Verba QESE e<\/p>\n","protected":false},"author":1,"featured_media":2625,"comment_status":"closed","ping_status":"open","sticky":false,"template":"","format":"standard","meta":{"footnotes":""},"categories":[28,52,55],"tags":[],"class_list":["post-2624","post","type-post","status-publish","format-standard","has-post-thumbnail","hentry","category-educacao","category-latest","category-obras"],"_links":{"self":[{"href":"https:\/\/www.santaritadopassaquatro.sp.gov.br\/portal\/wp-json\/wp\/v2\/posts\/2624","targetHints":{"allow":["GET"]}}],"collection":[{"href":"https:\/\/www.santaritadopassaquatro.sp.gov.br\/portal\/wp-json\/wp\/v2\/posts"}],"about":[{"href":"https:\/\/www.santaritadopassaquatro.sp.gov.br\/portal\/wp-json\/wp\/v2\/types\/post"}],"author":[{"embeddable":true,"href":"https:\/\/www.santaritadopassaquatro.sp.gov.br\/portal\/wp-json\/wp\/v2\/users\/1"}],"replies":[{"embeddable":true,"href":"https:\/\/www.santaritadopassaquatro.sp.gov.br\/portal\/wp-json\/wp\/v2\/comments?post=2624"}],"version-history":[{"count":1,"href":"https:\/\/www.santaritadopassaquatro.sp.gov.br\/portal\/wp-json\/wp\/v2\/posts\/2624\/revisions"}],"predecessor-version":[{"id":2629,"href":"https:\/\/www.santaritadopassaquatro.sp.gov.br\/portal\/wp-json\/wp\/v2\/posts\/2624\/revisions\/2629"}],"wp:featuredmedia":[{"embeddable":true,"href":"https:\/\/www.santaritadopassaquatro.sp.gov.br\/portal\/wp-json\/wp\/v2\/media\/2625"}],"wp:attachment":[{"href":"https:\/\/www.santaritadopassaquatro.sp.gov.br\/portal\/wp-json\/wp\/v2\/media?parent=2624"}],"wp:term":[{"taxonomy":"category","embeddable":true,"href":"https:\/\/www.santaritadopassaquatro.sp.gov.br\/portal\/wp-json\/wp\/v2\/categories?post=2624"},{"taxonomy":"post_tag","embeddable":true,"href":"https:\/\/www.santaritadopassaquatro.sp.gov.br\/portal\/wp-json\/wp\/v2\/tags?post=2624"}],"curies":[{"name":"wp","href":"https:\/\/api.w.org\/{rel}","templated":true}]}}