{"id":2673,"date":"2019-10-11T13:59:04","date_gmt":"2019-10-11T16:59:04","guid":{"rendered":"http:\/\/www.santaritadopassaquatro.sp.gov.br\/portal\/?p=2673"},"modified":"2019-10-11T13:59:04","modified_gmt":"2019-10-11T16:59:04","slug":"atletismo-de-conquista-titulo-para-santa-rita-finais-nos-jogos-estaduais-infantis","status":"publish","type":"post","link":"https:\/\/www.santaritadopassaquatro.sp.gov.br\/portal\/atletismo-de-conquista-titulo-para-santa-rita-finais-nos-jogos-estaduais-infantis\/","title":{"rendered":"Atletismo de conquista t\u00edtulo para Santa Rita finais nos Jogos Estaduais Infantis"},"content":{"rendered":"<p><strong><em>Competi\u00e7\u00e3o aconteceu em Dracena, no \u00faltimo final de semana; atletas fazem parte do projeto conjunto entre Prefeitura, Instituto Edson Luciano Ribeiro e Sesi-SP<\/em><\/strong><\/p>\n<p>&nbsp;<\/p>\n<figure id=\"attachment_2667\" aria-describedby=\"caption-attachment-2667\" style=\"width: 300px\" class=\"wp-caption alignleft\"><img decoding=\"async\" class=\"wp-image-2667 size-medium\" src=\"http:\/\/www.santaritadopassaquatro.sp.gov.br\/portal\/wp-content\/uploads\/2019\/10\/Atletismo_arremesso_peso-300x225.jpeg\" alt=\"\" width=\"300\" height=\"225\" srcset=\"https:\/\/www.santaritadopassaquatro.sp.gov.br\/portal\/wp-content\/uploads\/2019\/10\/Atletismo_arremesso_peso-300x225.jpeg 300w, https:\/\/www.santaritadopassaquatro.sp.gov.br\/portal\/wp-content\/uploads\/2019\/10\/Atletismo_arremesso_peso-768x576.jpeg 768w, https:\/\/www.santaritadopassaquatro.sp.gov.br\/portal\/wp-content\/uploads\/2019\/10\/Atletismo_arremesso_peso-1024x768.jpeg 1024w, https:\/\/www.santaritadopassaquatro.sp.gov.br\/portal\/wp-content\/uploads\/2019\/10\/Atletismo_arremesso_peso.jpeg 1280w\" sizes=\"(max-width: 300px) 100vw, 300px\" \/><figcaption id=\"caption-attachment-2667\" class=\"wp-caption-text\"><span style=\"font-size: 8pt; color: #999999;\"><em><strong>Treinada no Centro Ol\u00edmpico Municipal, Ana Vit\u00f3ria \u00e9 campe\u00e3 estadual infantil, no arremesso de peso (Divulga\u00e7\u00e3o)<\/strong><\/em><\/span><\/figcaption><\/figure>\n<p>O atletismo de Santa Rita do Passa Quatro conquistou o t\u00edtulo de campe\u00e3o estadual nos, na segunda edi\u00e7\u00e3o dos Jogos Infantis do Estado de S\u00e3o Paulo, realizado em Dracena, promovido de quarta-feira a s\u00e1bado (2 a 5\/10).<\/p>\n<p>A campe\u00e3o foi a atleta Ana Vit\u00f3ria Vicente Virg\u00edlio, medalha de ouro no arremesso de peso. Outra conquista de Santa Rita, foi nos 800 metros rasos, com Thais Guerreiro Boaventura, ficou em terceiro lugar (medalha de bronze).<\/p>\n<figure id=\"attachment_2670\" aria-describedby=\"caption-attachment-2670\" style=\"width: 300px\" class=\"wp-caption alignright\"><img decoding=\"async\" class=\"wp-image-2670 size-medium\" src=\"http:\/\/www.santaritadopassaquatro.sp.gov.br\/portal\/wp-content\/uploads\/2019\/10\/Atletismo_800m-300x225.jpeg\" alt=\"\" width=\"300\" height=\"225\" srcset=\"https:\/\/www.santaritadopassaquatro.sp.gov.br\/portal\/wp-content\/uploads\/2019\/10\/Atletismo_800m-300x225.jpeg 300w, https:\/\/www.santaritadopassaquatro.sp.gov.br\/portal\/wp-content\/uploads\/2019\/10\/Atletismo_800m-768x576.jpeg 768w, https:\/\/www.santaritadopassaquatro.sp.gov.br\/portal\/wp-content\/uploads\/2019\/10\/Atletismo_800m-1024x768.jpeg 1024w, https:\/\/www.santaritadopassaquatro.sp.gov.br\/portal\/wp-content\/uploads\/2019\/10\/Atletismo_800m.jpeg 1280w\" sizes=\"(max-width: 300px) 100vw, 300px\" \/><figcaption id=\"caption-attachment-2670\" class=\"wp-caption-text\"><span style=\"font-size: 8pt; color: #999999;\"><em><strong>Tamb\u00e9m do projeto realizado em Santa Rita, Thais ficou em terceiro lugar nos 800 metros rasos (Divulga\u00e7\u00e3o)<\/strong><\/em><\/span><\/figcaption><\/figure>\n<p>As atletas fazem parte do projeto realizado em conjunto entre Prefeitura Municipal, atrav\u00e9s do Departamento Municipal de Esportes, Instituto Edson Luciano Ribeiro e Sesi-SP, com apoio da Caixa. Para chegar \u00e0s finais, os atletas se classificaram na etapa regional em Araraquara, obtendo os primeiros lugares nas cinco modalidades.<\/p>\n<p>Cerca de 15 atletas de Santa Rita seguiram para a disputa est\u00e1 na disputa da fase final da competi\u00e7\u00e3o tamb\u00e9m nas modalidades salto em dist\u00e2ncias, 75 metros, revezamento 4&#215;75 e 4&#215;100, 100 metros rasos e salto em altura. O grupo \u00e9 treinados pelos professores Alderico Alexandre de Oliveira Filho e Matheus Benini, no Centro Olimpico Municipal. O total, o projeto re\u00fane cerca de 120 crian\u00e7as, entre alunos do CAIC e Sesi-SP, visando a forma\u00e7\u00e3o de atletas.<\/p>\n<p>Promovidos pela Secretaria de Esporte, Lazer e Juventude do Estado de S\u00e3o Paulo, os Jogos Infantis do Estado de S\u00e3o Paulo \u00e9 uma competi\u00e7\u00e3o voltada para atletas na faixa et\u00e1ria de 12 a 16 anos. A fase final reuniu cerca de 3 mil atletas de v\u00e1rias cidades paulistas.<\/p>\n<p>&nbsp;<\/p>\n<p><strong>NACIONAL<\/strong><\/p>\n<p>Tamb\u00e9m do projeto promovido no Centro Ol\u00edmpico, o atleta santa-ritense Leandro da Silva Ananias, dos 100 metros com barreira, atual campe\u00e3o estadual da categoria sub 15, ir\u00e1 defender o munic\u00edpio na etapa nacional dos Jogos Escolares da Juventude, que acontece em Blumenau (SC), em novembro.<\/p>\n<p><strong>\u00a0<\/strong><\/p>\n<p>&nbsp;<\/p>\n<p>&nbsp;<\/p>\n<p><strong><em>\u00a0<\/em><\/strong><\/p>\n","protected":false},"excerpt":{"rendered":"<p>Competi\u00e7\u00e3o aconteceu em Dracena, no \u00faltimo final de semana; atletas fazem parte do projeto conjunto entre Prefeitura, Instituto Edson Luciano<\/p>\n","protected":false},"author":1,"featured_media":2667,"comment_status":"closed","ping_status":"open","sticky":false,"template":"","format":"standard","meta":{"footnotes":""},"categories":[48,51,52],"tags":[],"class_list":["post-2673","post","type-post","status-publish","format-standard","has-post-thumbnail","hentry","category-featured","category-sports","category-latest"],"_links":{"self":[{"href":"https:\/\/www.santaritadopassaquatro.sp.gov.br\/portal\/wp-json\/wp\/v2\/posts\/2673","targetHints":{"allow":["GET"]}}],"collection":[{"href":"https:\/\/www.santaritadopassaquatro.sp.gov.br\/portal\/wp-json\/wp\/v2\/posts"}],"about":[{"href":"https:\/\/www.santaritadopassaquatro.sp.gov.br\/portal\/wp-json\/wp\/v2\/types\/post"}],"author":[{"embeddable":true,"href":"https:\/\/www.santaritadopassaquatro.sp.gov.br\/portal\/wp-json\/wp\/v2\/users\/1"}],"replies":[{"embeddable":true,"href":"https:\/\/www.santaritadopassaquatro.sp.gov.br\/portal\/wp-json\/wp\/v2\/comments?post=2673"}],"version-history":[{"count":0,"href":"https:\/\/www.santaritadopassaquatro.sp.gov.br\/portal\/wp-json\/wp\/v2\/posts\/2673\/revisions"}],"wp:featuredmedia":[{"embeddable":true,"href":"https:\/\/www.santaritadopassaquatro.sp.gov.br\/portal\/wp-json\/wp\/v2\/media\/2667"}],"wp:attachment":[{"href":"https:\/\/www.santaritadopassaquatro.sp.gov.br\/portal\/wp-json\/wp\/v2\/media?parent=2673"}],"wp:term":[{"taxonomy":"category","embeddable":true,"href":"https:\/\/www.santaritadopassaquatro.sp.gov.br\/portal\/wp-json\/wp\/v2\/categories?post=2673"},{"taxonomy":"post_tag","embeddable":true,"href":"https:\/\/www.santaritadopassaquatro.sp.gov.br\/portal\/wp-json\/wp\/v2\/tags?post=2673"}],"curies":[{"name":"wp","href":"https:\/\/api.w.org\/{rel}","templated":true}]}}