{"id":2675,"date":"2019-10-11T14:00:47","date_gmt":"2019-10-11T17:00:47","guid":{"rendered":"http:\/\/www.santaritadopassaquatro.sp.gov.br\/portal\/?p=2675"},"modified":"2019-10-11T14:00:47","modified_gmt":"2019-10-11T17:00:47","slug":"santa-rita-ira-receber-etapa-da-liga-sesi-de-treinamento-esportivo","status":"publish","type":"post","link":"https:\/\/www.santaritadopassaquatro.sp.gov.br\/portal\/santa-rita-ira-receber-etapa-da-liga-sesi-de-treinamento-esportivo\/","title":{"rendered":"Santa Rita ir\u00e1 receber etapa da Liga Sesi de Treinamento Esportivo"},"content":{"rendered":"<p><strong><em>Evento acontece no pr\u00f3ximo dia 26 de outubro, no Centro Ol\u00edmpico, com a participa\u00e7\u00e3o de oito cidades <\/em><\/strong><\/p>\n<p>&nbsp;<\/p>\n<figure id=\"attachment_2668\" aria-describedby=\"caption-attachment-2668\" style=\"width: 300px\" class=\"wp-caption alignleft\"><img decoding=\"async\" class=\"wp-image-2668 size-medium\" src=\"http:\/\/www.santaritadopassaquatro.sp.gov.br\/portal\/wp-content\/uploads\/2019\/10\/atletismo_Sesi_-centro_olimpico-300x200.jpg\" alt=\"\" width=\"300\" height=\"200\" srcset=\"https:\/\/www.santaritadopassaquatro.sp.gov.br\/portal\/wp-content\/uploads\/2019\/10\/atletismo_Sesi_-centro_olimpico-300x200.jpg 300w, https:\/\/www.santaritadopassaquatro.sp.gov.br\/portal\/wp-content\/uploads\/2019\/10\/atletismo_Sesi_-centro_olimpico-768x512.jpg 768w, https:\/\/www.santaritadopassaquatro.sp.gov.br\/portal\/wp-content\/uploads\/2019\/10\/atletismo_Sesi_-centro_olimpico-1024x683.jpg 1024w\" sizes=\"(max-width: 300px) 100vw, 300px\" \/><figcaption id=\"caption-attachment-2668\" class=\"wp-caption-text\"><span style=\"font-size: 8pt; color: #999999;\"><em><strong>Treinamento no Centro Ol\u00edmpico Municipal, dos projetos Correndo Para Vender e Atleta do Futuro (Divulga\u00e7\u00e3o)<\/strong><\/em><\/span><\/figcaption><\/figure>\n<p>O Centro Ol\u00edmpico Municipal, de Santa Rita do Passa Quatro, recebe mais um evento esportivo de grande import\u00e2ncia. No pr\u00f3ximo dia 26 de outubro, s\u00e1bado, Santa Rita recebe uma etapa da Liga Sesi-SP de Treinamento Esportivo. Durante a manh\u00e3, evento ir\u00e1 reunir cerca de 200 atletas das cidades de Campinas, Limeira, Piracicaba, Registro, Santo Andr\u00e9, Jaguari\u00fana, Valinhos e Santa Rita.<\/p>\n<p>O evento faz parte do projeto realizado em conjunto entre Prefeitura Municipal, atrav\u00e9s do Departamento Municipal de Esportes, Instituto Edson Luciano Ribeiro e Sesi-SP, com apoio da Caixa.<\/p>\n<p>A Liga SESI-SP de Treinamento Esportivo visa est\u00edmulo \u00e0 pr\u00e1tica esportiva, situada entre os projetos Atleta do Futuro e Rendimento Esportivo. Participam jovens de 10 a 17 anos que tem pr\u00e9-disposi\u00e7\u00e3o natural a uma das 11 modalidades ofertadas. De acordo com o Sesi, todo o programa \u00e9 baseado nos princ\u00edpios da Pedagogia do Exemplo, um instrumento de transforma\u00e7\u00e3o pessoal e social, capaz de promover e estimular um estilo de vida ativo com a\u00e7\u00f5es de informa\u00e7\u00e3o, incentivo e oportunidades. Dessa forma, valores como \u00e9tica, disciplina, motiva\u00e7\u00e3o, lideran\u00e7a e trabalho em equipe fazem parte desse processo de transforma\u00e7\u00e3o do jovem como atleta.<\/p>\n<p>Santa Rita recebe o projeto Atleta do Futuro do Sesi-SP desde o in\u00edcio do ano, em conjunto com o projeto Correndo para Vencer, do Instituto Edson Luciano Ribeiro, com treinamentos no Centro Ol\u00edmpico Municipal.<\/p>\n<p>&nbsp;<\/p>\n<p>&nbsp;<\/p>\n","protected":false},"excerpt":{"rendered":"<p>Evento acontece no pr\u00f3ximo dia 26 de outubro, no Centro Ol\u00edmpico, com a participa\u00e7\u00e3o de oito cidades &nbsp; O Centro<\/p>\n","protected":false},"author":1,"featured_media":2579,"comment_status":"closed","ping_status":"open","sticky":false,"template":"","format":"standard","meta":{"footnotes":""},"categories":[51,52,60],"tags":[],"class_list":["post-2675","post","type-post","status-publish","format-standard","has-post-thumbnail","hentry","category-sports","category-latest","category-turismo"],"_links":{"self":[{"href":"https:\/\/www.santaritadopassaquatro.sp.gov.br\/portal\/wp-json\/wp\/v2\/posts\/2675","targetHints":{"allow":["GET"]}}],"collection":[{"href":"https:\/\/www.santaritadopassaquatro.sp.gov.br\/portal\/wp-json\/wp\/v2\/posts"}],"about":[{"href":"https:\/\/www.santaritadopassaquatro.sp.gov.br\/portal\/wp-json\/wp\/v2\/types\/post"}],"author":[{"embeddable":true,"href":"https:\/\/www.santaritadopassaquatro.sp.gov.br\/portal\/wp-json\/wp\/v2\/users\/1"}],"replies":[{"embeddable":true,"href":"https:\/\/www.santaritadopassaquatro.sp.gov.br\/portal\/wp-json\/wp\/v2\/comments?post=2675"}],"version-history":[{"count":0,"href":"https:\/\/www.santaritadopassaquatro.sp.gov.br\/portal\/wp-json\/wp\/v2\/posts\/2675\/revisions"}],"wp:featuredmedia":[{"embeddable":true,"href":"https:\/\/www.santaritadopassaquatro.sp.gov.br\/portal\/wp-json\/wp\/v2\/media\/2579"}],"wp:attachment":[{"href":"https:\/\/www.santaritadopassaquatro.sp.gov.br\/portal\/wp-json\/wp\/v2\/media?parent=2675"}],"wp:term":[{"taxonomy":"category","embeddable":true,"href":"https:\/\/www.santaritadopassaquatro.sp.gov.br\/portal\/wp-json\/wp\/v2\/categories?post=2675"},{"taxonomy":"post_tag","embeddable":true,"href":"https:\/\/www.santaritadopassaquatro.sp.gov.br\/portal\/wp-json\/wp\/v2\/tags?post=2675"}],"curies":[{"name":"wp","href":"https:\/\/api.w.org\/{rel}","templated":true}]}}