{"id":2694,"date":"2019-10-18T15:02:54","date_gmt":"2019-10-18T18:02:54","guid":{"rendered":"http:\/\/www.santaritadopassaquatro.sp.gov.br\/portal\/?p=2694"},"modified":"2019-10-18T15:02:54","modified_gmt":"2019-10-18T18:02:54","slug":"governo-federal-lanca-o-abono-natalino-do-bolsa-familia","status":"publish","type":"post","link":"https:\/\/www.santaritadopassaquatro.sp.gov.br\/portal\/governo-federal-lanca-o-abono-natalino-do-bolsa-familia\/","title":{"rendered":"Governo Federal lan\u00e7a o abono natalino do Bolsa Fam\u00edlia"},"content":{"rendered":"<p><strong><em>Destinado \u00e0s fam\u00edlias benefici\u00e1rias do programa, pagamento adicional ser\u00e1 realizado em dezembro de 2019<\/em><\/strong><\/p>\n<p>&nbsp;<\/p>\n<p>Nesta ter\u00e7a-feira (15\/10), o Governo Federal assinou a Medida Provis\u00f3ria que cria o Abono Natalino do Programa Bolsa Fam\u00edlia. A a\u00e7\u00e3o havia sido anunciada no in\u00edcio de 2019, com o objetivo de permitir um pagamento adicional aos benefici\u00e1rios do Programa Bolsa Fam\u00edlia. O abono ser\u00e1 pago em dezembro de 2019 e tornar\u00e1 poss\u00edvel que as fam\u00edlias benefici\u00e1rias recebam, no total, o dobro do benef\u00edcio do m\u00eas.<\/p>\n<p>De acordo com o programa, a cria\u00e7\u00e3o do Abono Natalino vai ao encontro da necessidade de transferir mais recursos \u00e0s fam\u00edlias benefici\u00e1rias do Bolsa Fam\u00edlia, proporcionando um maior poder de compra.<\/p>\n<p><strong>Entenda como vai funcionar o Abono Natalino do PBF em 2019:<\/strong><\/p>\n<p>QUEM VAI RECEBER?<\/p>\n<p>Todas as fam\u00edlias benefici\u00e1rias do PBF presentes na folha de dezembro de 2019, com benef\u00edcios liberados. Isso significa que as fam\u00edlias benefici\u00e1rias com benef\u00edcios do PBF bloqueados, suspensos ou cancelados em dezembro de 2019 n\u00e3o ter\u00e3o direito ao Abono Natalino.<\/p>\n<p>QUAL \u00c9 O VALOR?<\/p>\n<p>O Abono Natalino ter\u00e1 o mesmo valor da parcela de dezembro de 2019 que a fam\u00edlia benefici\u00e1ria tem direito naquele m\u00eas.<\/p>\n<p>Isso significa que, no total, as fam\u00edlias benefici\u00e1rias do PBF receber\u00e3o o valor de dezembro em dobro.<\/p>\n<p>QUANDO SER\u00c1 PAGO?<\/p>\n<p>O Abono Natalino seguir\u00e1 o Calend\u00e1rio de Pagamentos do Programa Bolsa Fam\u00edlia que, em dezembro, pagar\u00e1 os benef\u00edcios entre os dias 10 e 23 de dezembro de 2019, conforme o final de NIS do Respons\u00e1vel Familiar.<\/p>\n<p>COMO A FAM\u00cdLIA PODER\u00c1 RETIRAR?<\/p>\n<p>O Abono Natalino ser\u00e1 pago juntamente com o benef\u00edcio do Programa Bolsa Fam\u00edlia. Por isso, ele poder\u00e1 ser sacado com o Cart\u00e3o Bolsa Fam\u00edlia, Cart\u00e3o Cidad\u00e3o ou guia de pagamento, caso a fam\u00edlia n\u00e3o possua cart\u00e3o.<\/p>\n<p>O saque poder\u00e1 ser realizado nas lot\u00e9ricas, CAIXA AQUI, caixas eletr\u00f4nicos ou ag\u00eancias da CAIXA.<\/p>\n<p><strong><em>\u00a0<\/em><\/strong><\/p>\n<p><strong>NO MUNIC\u00cdPIO<\/strong><\/p>\n<p>Em Santa Rita do Passa Quatro, o Programa Bolsa Fam\u00edlia \u00e9 executado atrav\u00e9s do Departamento de Assist\u00eancia e Desenvolvimento Social da Prefeitura Municipal, situado na Avenida Severino Meirelles n\u00ba 1761, Centro, no hor\u00e1rio atendimento das 8h \u00e0s 10h30 e das 13h \u00c0s 16h30.<\/p>\n<p>&nbsp;<\/p>\n","protected":false},"excerpt":{"rendered":"<p>Destinado \u00e0s fam\u00edlias benefici\u00e1rias do programa, pagamento adicional ser\u00e1 realizado em dezembro de 2019 &nbsp; Nesta ter\u00e7a-feira (15\/10), o Governo<\/p>\n","protected":false},"author":1,"featured_media":1054,"comment_status":"closed","ping_status":"open","sticky":false,"template":"","format":"standard","meta":{"footnotes":""},"categories":[43],"tags":[],"class_list":["post-2694","post","type-post","status-publish","format-standard","has-post-thumbnail","hentry","category-assistenciasocial"],"_links":{"self":[{"href":"https:\/\/www.santaritadopassaquatro.sp.gov.br\/portal\/wp-json\/wp\/v2\/posts\/2694","targetHints":{"allow":["GET"]}}],"collection":[{"href":"https:\/\/www.santaritadopassaquatro.sp.gov.br\/portal\/wp-json\/wp\/v2\/posts"}],"about":[{"href":"https:\/\/www.santaritadopassaquatro.sp.gov.br\/portal\/wp-json\/wp\/v2\/types\/post"}],"author":[{"embeddable":true,"href":"https:\/\/www.santaritadopassaquatro.sp.gov.br\/portal\/wp-json\/wp\/v2\/users\/1"}],"replies":[{"embeddable":true,"href":"https:\/\/www.santaritadopassaquatro.sp.gov.br\/portal\/wp-json\/wp\/v2\/comments?post=2694"}],"version-history":[{"count":0,"href":"https:\/\/www.santaritadopassaquatro.sp.gov.br\/portal\/wp-json\/wp\/v2\/posts\/2694\/revisions"}],"wp:featuredmedia":[{"embeddable":true,"href":"https:\/\/www.santaritadopassaquatro.sp.gov.br\/portal\/wp-json\/wp\/v2\/media\/1054"}],"wp:attachment":[{"href":"https:\/\/www.santaritadopassaquatro.sp.gov.br\/portal\/wp-json\/wp\/v2\/media?parent=2694"}],"wp:term":[{"taxonomy":"category","embeddable":true,"href":"https:\/\/www.santaritadopassaquatro.sp.gov.br\/portal\/wp-json\/wp\/v2\/categories?post=2694"},{"taxonomy":"post_tag","embeddable":true,"href":"https:\/\/www.santaritadopassaquatro.sp.gov.br\/portal\/wp-json\/wp\/v2\/tags?post=2694"}],"curies":[{"name":"wp","href":"https:\/\/api.w.org\/{rel}","templated":true}]}}