{"id":2705,"date":"2019-10-18T15:09:09","date_gmt":"2019-10-18T18:09:09","guid":{"rendered":"http:\/\/www.santaritadopassaquatro.sp.gov.br\/portal\/?p=2705"},"modified":"2019-10-18T15:09:09","modified_gmt":"2019-10-18T18:09:09","slug":"garanta-sua-vaga-na-oficina-de-dublagem-com-italo-yurigaranta-sua-vaga-na-oficina-de-dublagem-com-italo-yuri","status":"publish","type":"post","link":"https:\/\/www.santaritadopassaquatro.sp.gov.br\/portal\/garanta-sua-vaga-na-oficina-de-dublagem-com-italo-yurigaranta-sua-vaga-na-oficina-de-dublagem-com-italo-yuri\/","title":{"rendered":"Garanta sua vaga na oficina de dublagem com \u00cdtalo YuriGaranta sua vaga na oficina de dublagem com \u00cdtalo Yuri"},"content":{"rendered":"<p><strong><em>Parceria com Secretaria de Estado da Cultura, atrav\u00e9s do programa o programa Pontos MIS, atividade acontece no dia 30 outubro <\/em><\/strong><\/p>\n<p>&nbsp;<\/p>\n<p><img decoding=\"async\" class=\"alignnone size-medium wp-image-2479 alignleft\" src=\"http:\/\/www.santaritadopassaquatro.sp.gov.br\/portal\/wp-content\/uploads\/2019\/09\/oficina_dublagem_foto-1-300x200.jpg\" alt=\"\" width=\"300\" height=\"200\" srcset=\"https:\/\/www.santaritadopassaquatro.sp.gov.br\/portal\/wp-content\/uploads\/2019\/09\/oficina_dublagem_foto-1-300x200.jpg 300w, https:\/\/www.santaritadopassaquatro.sp.gov.br\/portal\/wp-content\/uploads\/2019\/09\/oficina_dublagem_foto-1-768x512.jpg 768w, https:\/\/www.santaritadopassaquatro.sp.gov.br\/portal\/wp-content\/uploads\/2019\/09\/oficina_dublagem_foto-1-1024x683.jpg 1024w, https:\/\/www.santaritadopassaquatro.sp.gov.br\/portal\/wp-content\/uploads\/2019\/09\/oficina_dublagem_foto-1.jpg 1863w\" sizes=\"(max-width: 300px) 100vw, 300px\" \/>Restam apenas cinco vagas para a Oficina Livre de Dublagem, com \u00cdtalo Yuri, promovida pelo Departamento de Cultura, Prefeitura Municipal de Santa Rita do Passa Quatro, em parceria com a Secretaria de Estado da Cultura, atrav\u00e9s do MIS (Museu da Imagem e do Som). As inscri\u00e7\u00f5es devem ser feitas pela internet <a href=\"https:\/\/forms.gle\/mq7TNsvwmLEUjsEy7\">(clique aqui).<\/a><\/p>\n<p>A atividade acontece no pr\u00f3ximo dia 30 de outubro, \u00e0s 18h30, no Pavilh\u00e3o Cultural, e a ir\u00e1 abordar assuntos como: quem est\u00e1 por tr\u00e1s das vozes dos personagens? Como s\u00e3o realizadas essas dublagens? De maneira descontra\u00edda, a oficina ir\u00e1 explorar a arte de dublar cenas e personagens. Primeiro ser\u00e3o analisados os diversos empregos dessa t\u00e9cnica na TV e no Cinema, a hist\u00f3ria da dublagem e sua evolu\u00e7\u00e3o. Em seguida os participantes interpretar\u00e3o sequ\u00eancias, inserindo nelas suas vozes e criando efeitos sonoros, usando recursos digitais. Ser\u00e3o apresentadas pr\u00e1ticas vocais, capta\u00e7\u00e3o de \u00e1udio, edi\u00e7\u00e3o de \u00e1udio e v\u00eddeo e sincroniza\u00e7\u00e3o de som e imagem. Para isso ser\u00e3o aplicadas solu\u00e7\u00f5es de baix\u00edssimo or\u00e7amento e o uso de programas gratuitos.<\/p>\n<p>O ministrante da atividade ser\u00e1 \u00cdtalo Yuri que j\u00e1 realizou trabalhos na \u00e1rea da cultura, televis\u00e3o e cinema, como gestor de conte\u00fado audiovisual, arte educador, cinegrafista, assistente de c\u00e2mera e editor. Ele \u00e9 formado em R\u00e1dio e TV e \u00e9 t\u00e9cnico em processos fonogr\u00e1ficos, al\u00e9m de grande admirador do cinema de anima\u00e7\u00e3o e filmes <em>trash<\/em>.<\/p>\n<p>&nbsp;<\/p>\n<p>&nbsp;<\/p>\n<p><strong><em>FOTO: <\/em><\/strong><em>\u00cdtalo Yuri ir\u00e1 abordar a dublagem em oficina que tem data ainda a ser definida (Divulga\u00e7\u00e3o)<\/em><\/p>\n<p>&nbsp;<\/p>\n","protected":false},"excerpt":{"rendered":"<p>Parceria com Secretaria de Estado da Cultura, atrav\u00e9s do programa o programa Pontos MIS, atividade acontece no dia 30 outubro<\/p>\n","protected":false},"author":1,"featured_media":2479,"comment_status":"closed","ping_status":"open","sticky":false,"template":"","format":"standard","meta":{"footnotes":""},"categories":[46,60],"tags":[],"class_list":["post-2705","post","type-post","status-publish","format-standard","has-post-thumbnail","hentry","category-cultura","category-turismo"],"_links":{"self":[{"href":"https:\/\/www.santaritadopassaquatro.sp.gov.br\/portal\/wp-json\/wp\/v2\/posts\/2705","targetHints":{"allow":["GET"]}}],"collection":[{"href":"https:\/\/www.santaritadopassaquatro.sp.gov.br\/portal\/wp-json\/wp\/v2\/posts"}],"about":[{"href":"https:\/\/www.santaritadopassaquatro.sp.gov.br\/portal\/wp-json\/wp\/v2\/types\/post"}],"author":[{"embeddable":true,"href":"https:\/\/www.santaritadopassaquatro.sp.gov.br\/portal\/wp-json\/wp\/v2\/users\/1"}],"replies":[{"embeddable":true,"href":"https:\/\/www.santaritadopassaquatro.sp.gov.br\/portal\/wp-json\/wp\/v2\/comments?post=2705"}],"version-history":[{"count":0,"href":"https:\/\/www.santaritadopassaquatro.sp.gov.br\/portal\/wp-json\/wp\/v2\/posts\/2705\/revisions"}],"wp:featuredmedia":[{"embeddable":true,"href":"https:\/\/www.santaritadopassaquatro.sp.gov.br\/portal\/wp-json\/wp\/v2\/media\/2479"}],"wp:attachment":[{"href":"https:\/\/www.santaritadopassaquatro.sp.gov.br\/portal\/wp-json\/wp\/v2\/media?parent=2705"}],"wp:term":[{"taxonomy":"category","embeddable":true,"href":"https:\/\/www.santaritadopassaquatro.sp.gov.br\/portal\/wp-json\/wp\/v2\/categories?post=2705"},{"taxonomy":"post_tag","embeddable":true,"href":"https:\/\/www.santaritadopassaquatro.sp.gov.br\/portal\/wp-json\/wp\/v2\/tags?post=2705"}],"curies":[{"name":"wp","href":"https:\/\/api.w.org\/{rel}","templated":true}]}}