{"id":2709,"date":"2019-10-18T15:11:39","date_gmt":"2019-10-18T18:11:39","guid":{"rendered":"http:\/\/www.santaritadopassaquatro.sp.gov.br\/portal\/?p=2709"},"modified":"2019-10-18T15:11:39","modified_gmt":"2019-10-18T18:11:39","slug":"teatro-grupo-quimera-apresenta-o-o-auto-da-compadecida-a-partir-de-quarta-feira","status":"publish","type":"post","link":"https:\/\/www.santaritadopassaquatro.sp.gov.br\/portal\/teatro-grupo-quimera-apresenta-o-o-auto-da-compadecida-a-partir-de-quarta-feira\/","title":{"rendered":"TEATRO:\u00a0Grupo Quimera apresenta o \u201cO Auto da Compadecida\u201d, a partir de quarta-feira"},"content":{"rendered":"<p><strong><em>Com apoio do Departamento Municipal de Cultura, espet\u00e1culo segue at\u00e9 o pr\u00f3ximo s\u00e1bado, no Centro Cultural M\u00e1rio Covas<\/em><\/strong><\/p>\n<p><strong><em>\u00a0<\/em><\/strong><\/p>\n<p><img decoding=\"async\" class=\"alignnone size-medium wp-image-2596 alignleft\" src=\"http:\/\/www.santaritadopassaquatro.sp.gov.br\/portal\/wp-content\/uploads\/2019\/10\/auto_compadecida-300x210.jpg\" alt=\"\" width=\"300\" height=\"210\" srcset=\"https:\/\/www.santaritadopassaquatro.sp.gov.br\/portal\/wp-content\/uploads\/2019\/10\/auto_compadecida-300x210.jpg 300w, https:\/\/www.santaritadopassaquatro.sp.gov.br\/portal\/wp-content\/uploads\/2019\/10\/auto_compadecida-768x538.jpg 768w, https:\/\/www.santaritadopassaquatro.sp.gov.br\/portal\/wp-content\/uploads\/2019\/10\/auto_compadecida-130x90.jpg 130w, https:\/\/www.santaritadopassaquatro.sp.gov.br\/portal\/wp-content\/uploads\/2019\/10\/auto_compadecida.jpg 960w\" sizes=\"(max-width: 300px) 100vw, 300px\" \/>O Centro Cultural M\u00e1rio Covas, em Santa Rita do Passa Quatro, recebe a partir desta quarta-feira (23\/10), o espet\u00e1culo &#8220;O Auto da Compadecia&#8221;, do Grupo Teatral Quimera.\u00a0 No espet\u00e1culo, com as aventuras de Jo\u00e3o Grilo e Chic\u00f3, que do enterro e do testamento do cachorro do Padeiro e de sua Mulher acabam envolvidos em uma aventura milagrosa em Tapero\u00e1, enfrentando o clero, o canga\u00e7o e at\u00e9 mesmo o Diabo, estar\u00e1 em cartaz at\u00e9 a sexta-feira (26\/10), a partir das 20 horas.<\/p>\n<p>Com apoio do Departamento de Cultura e Turismo, da Prefeitura Municipal, a atra\u00e7\u00e3o tem entrada gratuita e os ingressos poder\u00e3o ser retirados com qualquer membro do grupo ou diretamente no Museu Zequinha de Abreu, que fica aberto de segunda a sexta-feira, das 8h \u00e0s 11h e das 13h \u00e0s 16 horas e aos s\u00e1bado e domingos, das 9h \u00e0s 12 horas.<\/p>\n<p>Em &#8220;O Auto da Compadecia&#8221;,\u00a0 sagrado e o profano se encontram na obra de Ariano Suassuna, que ap\u00f3s diversas adapta\u00e7\u00f5es para o cinema e teatro, agora ganha uma vers\u00e3o do Curso Livre de Teatro do grupo Quimera. Com dire\u00e7\u00e3o de Willian Eul\u00e1lio, produ\u00e7\u00e3o geral de Jo\u00e3o Frutuoso, produ\u00e7\u00e3o local de Fernanda Clati e apoio do Departamento de Cultura e Turismo, da Prefeitura Municipal.<\/p>\n<p><strong>\u00a0<\/strong><\/p>\n<p><strong>SERVI\u00c7O<br \/>\nTEATRO &#8211; O AUTO DA COMPADECIDA<br \/>\nQUANDO: <\/strong>de 23 a 26 de outubro de 2019<strong><br \/>\nHOR\u00c1RIO: <\/strong>20 horas.<strong><br \/>\nLOCAL: <\/strong>Centro Cultural M\u00e1rio Covas.<br \/>\n<strong>EVENTO GRATUITO<br \/>\n<\/strong>(retirar ingressos com membros do grupo Quimera ou no Museu Zequinha de Abreu).<\/p>\n<p>&nbsp;<\/p>\n","protected":false},"excerpt":{"rendered":"<p>Com apoio do Departamento Municipal de Cultura, espet\u00e1culo segue at\u00e9 o pr\u00f3ximo s\u00e1bado, no Centro Cultural M\u00e1rio Covas \u00a0 O<\/p>\n","protected":false},"author":1,"featured_media":2596,"comment_status":"closed","ping_status":"open","sticky":false,"template":"","format":"standard","meta":{"footnotes":""},"categories":[46],"tags":[],"class_list":["post-2709","post","type-post","status-publish","format-standard","has-post-thumbnail","hentry","category-cultura"],"_links":{"self":[{"href":"https:\/\/www.santaritadopassaquatro.sp.gov.br\/portal\/wp-json\/wp\/v2\/posts\/2709","targetHints":{"allow":["GET"]}}],"collection":[{"href":"https:\/\/www.santaritadopassaquatro.sp.gov.br\/portal\/wp-json\/wp\/v2\/posts"}],"about":[{"href":"https:\/\/www.santaritadopassaquatro.sp.gov.br\/portal\/wp-json\/wp\/v2\/types\/post"}],"author":[{"embeddable":true,"href":"https:\/\/www.santaritadopassaquatro.sp.gov.br\/portal\/wp-json\/wp\/v2\/users\/1"}],"replies":[{"embeddable":true,"href":"https:\/\/www.santaritadopassaquatro.sp.gov.br\/portal\/wp-json\/wp\/v2\/comments?post=2709"}],"version-history":[{"count":0,"href":"https:\/\/www.santaritadopassaquatro.sp.gov.br\/portal\/wp-json\/wp\/v2\/posts\/2709\/revisions"}],"wp:featuredmedia":[{"embeddable":true,"href":"https:\/\/www.santaritadopassaquatro.sp.gov.br\/portal\/wp-json\/wp\/v2\/media\/2596"}],"wp:attachment":[{"href":"https:\/\/www.santaritadopassaquatro.sp.gov.br\/portal\/wp-json\/wp\/v2\/media?parent=2709"}],"wp:term":[{"taxonomy":"category","embeddable":true,"href":"https:\/\/www.santaritadopassaquatro.sp.gov.br\/portal\/wp-json\/wp\/v2\/categories?post=2709"},{"taxonomy":"post_tag","embeddable":true,"href":"https:\/\/www.santaritadopassaquatro.sp.gov.br\/portal\/wp-json\/wp\/v2\/tags?post=2709"}],"curies":[{"name":"wp","href":"https:\/\/api.w.org\/{rel}","templated":true}]}}