{"id":2717,"date":"2019-10-18T15:18:35","date_gmt":"2019-10-18T18:18:35","guid":{"rendered":"http:\/\/www.santaritadopassaquatro.sp.gov.br\/portal\/?p=2717"},"modified":"2019-10-18T15:18:35","modified_gmt":"2019-10-18T18:18:35","slug":"vacinacao-contra-sarampo-tera-dia-d-neste-sabado-no-municipio","status":"publish","type":"post","link":"https:\/\/www.santaritadopassaquatro.sp.gov.br\/portal\/vacinacao-contra-sarampo-tera-dia-d-neste-sabado-no-municipio\/","title":{"rendered":"Vacina\u00e7\u00e3o contra sarampo ter\u00e1 \u2018Dia D\u2019 neste s\u00e1bado no munic\u00edpio"},"content":{"rendered":"<p><strong>\u00a0<\/strong><\/p>\n<p><strong><em>Campanha acontece no Centro de Sa\u00fade II, PAS do CAIC e PSF Estrela das 8h \u00e0s 17 horas<\/em><\/strong><\/p>\n<p>&nbsp;<\/p>\n<p><img decoding=\"async\" class=\"alignnone size-medium wp-image-2004 alignleft\" src=\"http:\/\/www.santaritadopassaquatro.sp.gov.br\/portal\/wp-content\/uploads\/2019\/08\/sarampo-300x198.jpg\" alt=\"\" width=\"300\" height=\"198\" srcset=\"https:\/\/www.santaritadopassaquatro.sp.gov.br\/portal\/wp-content\/uploads\/2019\/08\/sarampo-300x198.jpg 300w, https:\/\/www.santaritadopassaquatro.sp.gov.br\/portal\/wp-content\/uploads\/2019\/08\/sarampo.jpg 452w\" sizes=\"(max-width: 300px) 100vw, 300px\" \/>Neste s\u00e1bado (19\/10) acontece o \u201cDia D\u201d de vacina\u00e7\u00e3o contra sarampo. Em Santa Rita do Passa Quatro, o Departamento Municipal de Sa\u00fade promove a campanha no Centro de Sa\u00fade II, PAS do CAIC e PSF Santa Cruz da Estrela, as 8h \u00e0s 17 horas.<\/p>\n<p>A imuniza\u00e7\u00e3o \u00e9 destinada a crian\u00e7as entre 6 meses e menores de 5 anos de idade, considerada a faixa et\u00e1ria mais vulner\u00e1vel a apresentar complica\u00e7\u00f5es pela doen\u00e7a. AS crian\u00e7as devem ser levadas aos postos de sa\u00fade, preferencialmente com a carteirinha de vacina\u00e7\u00e3o, para que um profissional verifique a necessidade de aplica\u00e7\u00e3o da dose.<\/p>\n<p>A campanha, come\u00e7ou no \u00faltimo dia 7 de outubro e a vacina aplicada \u00e9 a tr\u00edplice viral, que protege contra sarampo, caxumba e rub\u00e9ola. O calend\u00e1rio nacional de vacina\u00e7\u00e3o prev\u00ea a aplica\u00e7\u00e3o da tr\u00edplice aos 12 meses e tamb\u00e9m aos 15 meses para refor\u00e7o da imuniza\u00e7\u00e3o com a tetraviral, que protege tamb\u00e9m contra varicela. Neste ano, os beb\u00eas com menos de 12 meses tamb\u00e9m devem receber a chamada \u201cdose zero\u201d, que n\u00e3o \u00e9 contabilizada no calend\u00e1rio.<\/p>\n<p>A vacina \u00e9 contraindicada para beb\u00eas com menos de 6 meses. A recomenda\u00e7\u00e3o para os pais e respons\u00e1veis por crian\u00e7as nessa faixa et\u00e1ria \u00e9 evitar exposi\u00e7\u00e3o a aglomera\u00e7\u00f5es, manter higieniza\u00e7\u00e3o adequada, ventila\u00e7\u00e3o adequada de ambientes, e sobretudo que procurem imediatamente um servi\u00e7o de sa\u00fade diante de qualquer sintoma da doen\u00e7a, como manchas vermelhas pelo corpo, febre, coriza, conjuntivite, manchas brancas na mucosa bucal. Somente um profissional de sa\u00fade poder\u00e1 avaliar e dar as recomenda\u00e7\u00f5es necess\u00e1rias.<\/p>\n<p>A campanha segue at\u00e9 o pr\u00f3ximo dia 25 de outubro, quando a vacina\u00e7\u00e3o ocorre no Centro de Sa\u00fade II e no PAS CAIC, onde as vacinas s\u00e3o aplicadas as ter\u00e7as e quintas-feiras, apenas no per\u00edodo da manh\u00e3, no das 8h \u00e0s 11h.<\/p>\n<p>O Minist\u00e9rio da Sa\u00fade, anunciou a distribui\u00e7\u00e3o de mais de 16 milh\u00f5es de doses da vacina tr\u00edplice viral, que protege contra sarampo, caxumba e rub\u00e9ola, para todo o pa\u00eds. Do total, 6,5 milh\u00f5es foram destinadas aos munic\u00edpios paulistas.<\/p>\n<p>&nbsp;<\/p>\n<p><strong>SERVI\u00c7O<br \/>\nVACINA\u00c7\u00c3O SARAMPO- DIA D<br \/>\nONDE: Centro de Sa\u00fade, PAS CAIC e PSF Estrela<br \/>\nHORARIO:<\/strong>\u00a0 das 8h \u00e0s 17 horas.<strong><br \/>\nP\u00fablico alvo: <\/strong>crian\u00e7as de 6 meses a 5 anos.<\/p>\n<p>&nbsp;<\/p>\n","protected":false},"excerpt":{"rendered":"<p>\u00a0 Campanha acontece no Centro de Sa\u00fade II, PAS do CAIC e PSF Estrela das 8h \u00e0s 17 horas &nbsp;<\/p>\n","protected":false},"author":1,"featured_media":2004,"comment_status":"closed","ping_status":"open","sticky":false,"template":"","format":"standard","meta":{"footnotes":""},"categories":[48,52,58],"tags":[],"class_list":["post-2717","post","type-post","status-publish","format-standard","has-post-thumbnail","hentry","category-featured","category-latest","category-health"],"_links":{"self":[{"href":"https:\/\/www.santaritadopassaquatro.sp.gov.br\/portal\/wp-json\/wp\/v2\/posts\/2717","targetHints":{"allow":["GET"]}}],"collection":[{"href":"https:\/\/www.santaritadopassaquatro.sp.gov.br\/portal\/wp-json\/wp\/v2\/posts"}],"about":[{"href":"https:\/\/www.santaritadopassaquatro.sp.gov.br\/portal\/wp-json\/wp\/v2\/types\/post"}],"author":[{"embeddable":true,"href":"https:\/\/www.santaritadopassaquatro.sp.gov.br\/portal\/wp-json\/wp\/v2\/users\/1"}],"replies":[{"embeddable":true,"href":"https:\/\/www.santaritadopassaquatro.sp.gov.br\/portal\/wp-json\/wp\/v2\/comments?post=2717"}],"version-history":[{"count":0,"href":"https:\/\/www.santaritadopassaquatro.sp.gov.br\/portal\/wp-json\/wp\/v2\/posts\/2717\/revisions"}],"wp:featuredmedia":[{"embeddable":true,"href":"https:\/\/www.santaritadopassaquatro.sp.gov.br\/portal\/wp-json\/wp\/v2\/media\/2004"}],"wp:attachment":[{"href":"https:\/\/www.santaritadopassaquatro.sp.gov.br\/portal\/wp-json\/wp\/v2\/media?parent=2717"}],"wp:term":[{"taxonomy":"category","embeddable":true,"href":"https:\/\/www.santaritadopassaquatro.sp.gov.br\/portal\/wp-json\/wp\/v2\/categories?post=2717"},{"taxonomy":"post_tag","embeddable":true,"href":"https:\/\/www.santaritadopassaquatro.sp.gov.br\/portal\/wp-json\/wp\/v2\/tags?post=2717"}],"curies":[{"name":"wp","href":"https:\/\/api.w.org\/{rel}","templated":true}]}}