{"id":2719,"date":"2019-10-18T15:21:34","date_gmt":"2019-10-18T18:21:34","guid":{"rendered":"http:\/\/www.santaritadopassaquatro.sp.gov.br\/portal\/?p=2719"},"modified":"2019-10-18T15:21:34","modified_gmt":"2019-10-18T18:21:34","slug":"prefeito-participa-do-63o-congresso-estadual-de-municipios","status":"publish","type":"post","link":"https:\/\/www.santaritadopassaquatro.sp.gov.br\/portal\/prefeito-participa-do-63o-congresso-estadual-de-municipios\/","title":{"rendered":"Prefeito participa do 63\u00ba Congresso Estadual de Munic\u00edpios"},"content":{"rendered":"<p><strong><em>Realizado anualmente evento re\u00fane discute os principais temas que afetam diretamente os munic\u00edpios do Estado de S\u00e3o Paulo<\/em><\/strong><\/p>\n<p>&nbsp;<\/p>\n<figure id=\"attachment_2720\" aria-describedby=\"caption-attachment-2720\" style=\"width: 356px\" class=\"wp-caption alignleft\"><img decoding=\"async\" class=\"wp-image-2720\" src=\"http:\/\/www.santaritadopassaquatro.sp.gov.br\/portal\/wp-content\/uploads\/2019\/10\/Congresso_Municipios_prefeitos-300x225.jpeg\" alt=\"\" width=\"356\" height=\"267\" srcset=\"https:\/\/www.santaritadopassaquatro.sp.gov.br\/portal\/wp-content\/uploads\/2019\/10\/Congresso_Municipios_prefeitos-300x225.jpeg 300w, https:\/\/www.santaritadopassaquatro.sp.gov.br\/portal\/wp-content\/uploads\/2019\/10\/Congresso_Municipios_prefeitos-768x576.jpeg 768w, https:\/\/www.santaritadopassaquatro.sp.gov.br\/portal\/wp-content\/uploads\/2019\/10\/Congresso_Municipios_prefeitos.jpeg 1024w\" sizes=\"(max-width: 356px) 100vw, 356px\" \/><figcaption id=\"caption-attachment-2720\" class=\"wp-caption-text\"><span style=\"font-size: 8pt; color: #999999;\"><strong><em>Os prefeitos de Santa Rita, S\u00e3o Paulo, Campos do Jord\u00e3o, Holambra e o secret\u00e1rio de Educa\u00e7\u00e3o da Capital, no 36\u00ba Congresso dos Munic\u00edpios\u00a0 (Divulga\u00e7\u00e3o)<\/em><\/strong><\/span><\/figcaption><\/figure>\n<p>O prefeito de Santa Rita do Passa Quatro, Leandro Luciando dos Santos est\u00e1 entre os agentes p\u00fablicos presentes no 63\u00b0 Congresso Estadual de Munic\u00edpios. O evento aconteceu entre ter\u00e7a e sexta-feira (15 a 18\/10) promovido pela Associa\u00e7\u00e3o Paulista de Munic\u00edpios (APM), em Campos do Jord\u00e3o.<\/p>\n<p>Com abertura do vice-governador Rodrigo Garcia, e encerramento do governador Jo\u00e3o Doria, tamb\u00e9m participaram senadores, deputados estaduais e federais, secret\u00e1rios de estado e lideran\u00e7as pol\u00edticas de todo o pa\u00eds.<\/p>\n<p>O Congresso Estadual de Munic\u00edpios \u00e9 realizado anualmente e re\u00fane a classe pol\u00edtica do Estado e do pa\u00eds, para discutir os principais temas que afetam diretamente munic\u00edpios.<\/p>\n<p>O tema deste ano, \u201cInvestimento + Empreendimentos = Receita + Renda\u201d estar\u00e1 presente em quase todas as discuss\u00f5es, palestras e oficinas que se realizar\u00e3o no Congresso.<\/p>\n<p>O prefeito santa-ritense, estreitando cada vez mais seus la\u00e7os pol\u00edticos e ampliando a representatividade e representatividade do munic\u00edpio, este com importantes agentes pol\u00edticos do Estado, entre eles o prefeito de Campos do Jord\u00e3o, Fred Guidoni, anfitri\u00e3o do encontro e vice presidente da APM, al\u00e9m do prefeito de S\u00e3o Paulo, Bruno Covas; o atual secret\u00e1rio da Educa\u00e7\u00e3o da Capital Paulista, ex-secret\u00e1rio estadual tamb\u00e9m da mesma pasta e ex-prefeito de Botucatu, Jo\u00e3o Cury Neto; e o prefeito de Holambra Fernando Godoy.<\/p>\n<p>Na quinta-feira, como presidente da Aprecesp (Associa\u00e7\u00e3o das Est\u00e2ncias de SP) o prefeito fez parte da coordena\u00e7\u00e3o do Painel de Turismo e Cultura, dividindo a mesa com secret\u00e1rios estaduais de Turismo, Marcelo Lima Costa (em exerc\u00edcio); de Desenvolvimento Regional, Marco Vinholi; de Cultura, S\u00e1 Leit\u00e3o; al\u00e9m do presidente da APM (Associa\u00e7\u00e3o Paulista dos Munic\u00edpios), Carlos Cruz, e a presidente da Amitesp (Associa\u00e7\u00e3o dos MITs) Daniela Brito, tamb\u00e9m prefeita de Monteiro Lobato. \u201cFoi um dia muito produtivo e de muita visibilidade para nossa Est\u00e2ncia, participando da tomada de decis\u00f5es junto com as principais autoridades do Estado\u201d, disse o prefeito.<\/p>\n<p>&nbsp;<\/p>\n<p><strong>APRECESP<\/strong><\/p>\n<p>Junto ao Congresso, tamb\u00e9m foi agendada a 5\u00ba Reuni\u00e3o Ordin\u00e1ria de Prefeitos da Aprecesp (Associa\u00e7\u00e3o das Prefeituras das Cidades Est\u00e2ncias do Estado de S\u00e3o Paulo), a entidade que representa os 70 munic\u00edpios paulistas classificados como est\u00e2ncias tur\u00edsticas.<\/p>\n<p>&nbsp;<\/p>\n<p>&nbsp;<\/p>\n","protected":false},"excerpt":{"rendered":"<p>Realizado anualmente evento re\u00fane discute os principais temas que afetam diretamente os munic\u00edpios do Estado de S\u00e3o Paulo &nbsp; O<\/p>\n","protected":false},"author":1,"featured_media":2721,"comment_status":"closed","ping_status":"open","sticky":false,"template":"","format":"standard","meta":{"footnotes":""},"categories":[44,52,57],"tags":[],"class_list":["post-2719","post","type-post","status-publish","format-standard","has-post-thumbnail","hentry","category-cidades","category-latest","category-politics"],"_links":{"self":[{"href":"https:\/\/www.santaritadopassaquatro.sp.gov.br\/portal\/wp-json\/wp\/v2\/posts\/2719","targetHints":{"allow":["GET"]}}],"collection":[{"href":"https:\/\/www.santaritadopassaquatro.sp.gov.br\/portal\/wp-json\/wp\/v2\/posts"}],"about":[{"href":"https:\/\/www.santaritadopassaquatro.sp.gov.br\/portal\/wp-json\/wp\/v2\/types\/post"}],"author":[{"embeddable":true,"href":"https:\/\/www.santaritadopassaquatro.sp.gov.br\/portal\/wp-json\/wp\/v2\/users\/1"}],"replies":[{"embeddable":true,"href":"https:\/\/www.santaritadopassaquatro.sp.gov.br\/portal\/wp-json\/wp\/v2\/comments?post=2719"}],"version-history":[{"count":0,"href":"https:\/\/www.santaritadopassaquatro.sp.gov.br\/portal\/wp-json\/wp\/v2\/posts\/2719\/revisions"}],"wp:featuredmedia":[{"embeddable":true,"href":"https:\/\/www.santaritadopassaquatro.sp.gov.br\/portal\/wp-json\/wp\/v2\/media\/2721"}],"wp:attachment":[{"href":"https:\/\/www.santaritadopassaquatro.sp.gov.br\/portal\/wp-json\/wp\/v2\/media?parent=2719"}],"wp:term":[{"taxonomy":"category","embeddable":true,"href":"https:\/\/www.santaritadopassaquatro.sp.gov.br\/portal\/wp-json\/wp\/v2\/categories?post=2719"},{"taxonomy":"post_tag","embeddable":true,"href":"https:\/\/www.santaritadopassaquatro.sp.gov.br\/portal\/wp-json\/wp\/v2\/tags?post=2719"}],"curies":[{"name":"wp","href":"https:\/\/api.w.org\/{rel}","templated":true}]}}