{"id":2730,"date":"2019-10-25T16:03:02","date_gmt":"2019-10-25T19:03:02","guid":{"rendered":"http:\/\/www.santaritadopassaquatro.sp.gov.br\/portal\/?p=2730"},"modified":"2019-10-25T16:03:02","modified_gmt":"2019-10-25T19:03:02","slug":"app-e-corregos-receberam-mutirao-de-contra-o-aedes-aegypti-em-outubro","status":"publish","type":"post","link":"https:\/\/www.santaritadopassaquatro.sp.gov.br\/portal\/app-e-corregos-receberam-mutirao-de-contra-o-aedes-aegypti-em-outubro\/","title":{"rendered":"APP e c\u00f3rregos receberam mutir\u00e3o de contra o Aedes aegypti em outubro"},"content":{"rendered":"<p><strong><em>A\u00e7\u00e3o da Equipe de Controle de Vetores recolheu material descartada irregularmente que pode servir de criadouros do mosquito<\/em><\/strong><\/p>\n<p><strong><em>\u00a0<\/em><\/strong><\/p>\n<figure id=\"attachment_2731\" aria-describedby=\"caption-attachment-2731\" style=\"width: 300px\" class=\"wp-caption alignleft\"><img decoding=\"async\" class=\"wp-image-2731 size-medium\" src=\"http:\/\/www.santaritadopassaquatro.sp.gov.br\/portal\/wp-content\/uploads\/2019\/10\/mutirao-dengue-300x169.jpeg\" alt=\"\" width=\"300\" height=\"169\" srcset=\"https:\/\/www.santaritadopassaquatro.sp.gov.br\/portal\/wp-content\/uploads\/2019\/10\/mutirao-dengue-300x169.jpeg 300w, https:\/\/www.santaritadopassaquatro.sp.gov.br\/portal\/wp-content\/uploads\/2019\/10\/mutirao-dengue-768x432.jpeg 768w, https:\/\/www.santaritadopassaquatro.sp.gov.br\/portal\/wp-content\/uploads\/2019\/10\/mutirao-dengue-1024x576.jpeg 1024w, https:\/\/www.santaritadopassaquatro.sp.gov.br\/portal\/wp-content\/uploads\/2019\/10\/mutirao-dengue.jpeg 1280w\" sizes=\"(max-width: 300px) 100vw, 300px\" \/><figcaption id=\"caption-attachment-2731\" class=\"wp-caption-text\"><span style=\"font-size: 8pt; color: #999999;\"><em><strong>Equipe que participou dos trabalhos de limpeza realizados contra o mosquito Aedes aegypti (Divulga\u00e7\u00e3o)<\/strong><\/em><\/span><\/figcaption><\/figure>\n<p>Santa Rita do Passa Quatro recebeu no m\u00eas de outubro dois mutir\u00f5es de limpeza contra o <em>Aedes aegypti<\/em>. As a\u00e7\u00f5es aconteceram nos dias 18 e 22, sexta e ter\u00e7a-feira, visando combater a prolifera\u00e7\u00e3o ao mosquito transmissor das doen\u00e7as da Dengue, Zika V\u00edrus, Chikungunya e Febre Amarela.<\/p>\n<p>No dia 18\/10, sexta-feira, o mutir\u00e3o foi realizado nas margens dos c\u00f3rregos Rangel e Capituva, de onde foram recolhidos 20 sacos, com capacidade de 100 litros cada, com material pl\u00e1stico, latas, vidros, entre outros. No mesmo dia tamb\u00e9m houve aplica\u00e7\u00e3o de inseticida com intuito de controlar a prolifera\u00e7\u00e3o de Culex (pernilongo), nos bairros Vila Mello, Vila Kennedy, Vila S\u00e3o Salvador, Jardim do Lago, Jardim Coronel Joaquim Victor, Jardim Nova Santa Rita e Jardim Primavera.<\/p>\n<p>Na \u00faltima ter\u00e7a-feira (22\/10) foi realizado um trabalho de elimina\u00e7\u00e3o de criadouros na APP (\u00c1rea de Preserva\u00e7\u00e3o Permanente) nas proximidades do bairro Jardim Bonanza e nas margens do c\u00f3rrego \u00c1gua Espraiada. Nesta a\u00e7\u00e3o foram recolhidos mais 10 sacos (100 litros), tamb\u00e9m com material pl\u00e1stico, latas e vidros, entre outros, sendo que em um dos materiais recolhidos foram encontradas larvas do mosquito.<\/p>\n<p>As a\u00e7\u00f5es foram promovidas pela equipe de Controle de Vetores, do Departamento de Sa\u00fade da Prefeitura Municipal.<\/p>\n<p><strong>\u00a0<\/strong><\/p>\n<p><strong>\u00a0<\/strong><\/p>\n<p>&nbsp;<\/p>\n<p>&nbsp;<\/p>\n<p>&nbsp;<\/p>\n","protected":false},"excerpt":{"rendered":"<p>A\u00e7\u00e3o da Equipe de Controle de Vetores recolheu material descartada irregularmente que pode servir de criadouros do mosquito \u00a0 Santa<\/p>\n","protected":false},"author":1,"featured_media":2731,"comment_status":"closed","ping_status":"open","sticky":false,"template":"","format":"standard","meta":{"footnotes":""},"categories":[53,58],"tags":[],"class_list":["post-2730","post","type-post","status-publish","format-standard","has-post-thumbnail","hentry","category-meio-ambiente","category-health"],"_links":{"self":[{"href":"https:\/\/www.santaritadopassaquatro.sp.gov.br\/portal\/wp-json\/wp\/v2\/posts\/2730","targetHints":{"allow":["GET"]}}],"collection":[{"href":"https:\/\/www.santaritadopassaquatro.sp.gov.br\/portal\/wp-json\/wp\/v2\/posts"}],"about":[{"href":"https:\/\/www.santaritadopassaquatro.sp.gov.br\/portal\/wp-json\/wp\/v2\/types\/post"}],"author":[{"embeddable":true,"href":"https:\/\/www.santaritadopassaquatro.sp.gov.br\/portal\/wp-json\/wp\/v2\/users\/1"}],"replies":[{"embeddable":true,"href":"https:\/\/www.santaritadopassaquatro.sp.gov.br\/portal\/wp-json\/wp\/v2\/comments?post=2730"}],"version-history":[{"count":0,"href":"https:\/\/www.santaritadopassaquatro.sp.gov.br\/portal\/wp-json\/wp\/v2\/posts\/2730\/revisions"}],"wp:featuredmedia":[{"embeddable":true,"href":"https:\/\/www.santaritadopassaquatro.sp.gov.br\/portal\/wp-json\/wp\/v2\/media\/2731"}],"wp:attachment":[{"href":"https:\/\/www.santaritadopassaquatro.sp.gov.br\/portal\/wp-json\/wp\/v2\/media?parent=2730"}],"wp:term":[{"taxonomy":"category","embeddable":true,"href":"https:\/\/www.santaritadopassaquatro.sp.gov.br\/portal\/wp-json\/wp\/v2\/categories?post=2730"},{"taxonomy":"post_tag","embeddable":true,"href":"https:\/\/www.santaritadopassaquatro.sp.gov.br\/portal\/wp-json\/wp\/v2\/tags?post=2730"}],"curies":[{"name":"wp","href":"https:\/\/api.w.org\/{rel}","templated":true}]}}