{"id":2740,"date":"2019-10-25T16:08:10","date_gmt":"2019-10-25T19:08:10","guid":{"rendered":"http:\/\/www.santaritadopassaquatro.sp.gov.br\/portal\/?p=2740"},"modified":"2019-10-25T16:08:10","modified_gmt":"2019-10-25T19:08:10","slug":"oficina-de-dublagem-com-italo-yuri-acontece-nesta-quarta-feira","status":"publish","type":"post","link":"https:\/\/www.santaritadopassaquatro.sp.gov.br\/portal\/oficina-de-dublagem-com-italo-yuri-acontece-nesta-quarta-feira\/","title":{"rendered":"Oficina de dublagem com \u00cdtalo Yuri acontece nesta quarta-feira"},"content":{"rendered":"<p><strong><em>Parceria com Secretaria de Estado da Cultura, atrav\u00e9s do programa o programa Pontos MIS, atividade ser\u00e1 no Pavilh\u00e3o Cultural<\/em><\/strong><\/p>\n<p>&nbsp;<\/p>\n<p><img decoding=\"async\" class=\"alignnone size-medium wp-image-2479 alignleft\" src=\"http:\/\/www.santaritadopassaquatro.sp.gov.br\/portal\/wp-content\/uploads\/2019\/09\/oficina_dublagem_foto-1-300x200.jpg\" alt=\"\" width=\"300\" height=\"200\" srcset=\"https:\/\/www.santaritadopassaquatro.sp.gov.br\/portal\/wp-content\/uploads\/2019\/09\/oficina_dublagem_foto-1-300x200.jpg 300w, https:\/\/www.santaritadopassaquatro.sp.gov.br\/portal\/wp-content\/uploads\/2019\/09\/oficina_dublagem_foto-1-768x512.jpg 768w, https:\/\/www.santaritadopassaquatro.sp.gov.br\/portal\/wp-content\/uploads\/2019\/09\/oficina_dublagem_foto-1-1024x683.jpg 1024w, https:\/\/www.santaritadopassaquatro.sp.gov.br\/portal\/wp-content\/uploads\/2019\/09\/oficina_dublagem_foto-1.jpg 1863w\" sizes=\"(max-width: 300px) 100vw, 300px\" \/>O Departamento de Turismo e Cultura, da Prefeitura Municipal de Santa Rita do Passa Quatro, em parceria com a Secretaria de Estado da Cultura, atrav\u00e9s do MIS (Museu da Imagem e do Som), promove nesta quarta-feira (30\/10) a Oficina Livre de Dublagem, com \u00cdtalo Yuri. Restam poucas vagas e a inscri\u00e7\u00e3o deve ser feitas pela internet <a href=\"https:\/\/forms.gle\/mq7TNsvwmLEUjsEy7\">(clique aqui).\u00a0<\/a><\/p>\n<p>A atividade acontece a partir das 18h30, no Pavilh\u00e3o Cultural, e a ir\u00e1 abordar assuntos como: quem est\u00e1 por tr\u00e1s das vozes dos personagens? Como s\u00e3o realizadas essas dublagens? De maneira descontra\u00edda, a oficina ir\u00e1 explorar a arte de dublar cenas e personagens. Primeiro ser\u00e3o analisados os diversos empregos dessa t\u00e9cnica na TV e no Cinema, a hist\u00f3ria da dublagem e sua evolu\u00e7\u00e3o. Em seguida os participantes interpretar\u00e3o sequ\u00eancias, inserindo nelas suas vozes e criando efeitos sonoros, usando recursos digitais. Ser\u00e3o apresentadas pr\u00e1ticas vocais, capta\u00e7\u00e3o de \u00e1udio, edi\u00e7\u00e3o de \u00e1udio e v\u00eddeo e sincroniza\u00e7\u00e3o de som e imagem. Para isso ser\u00e3o aplicadas solu\u00e7\u00f5es de baix\u00edssimo or\u00e7amento e o uso de programas gratuitos.<\/p>\n<p>O ministrante da atividade ser\u00e1 \u00cdtalo Yuri que j\u00e1 realizou trabalhos na \u00e1rea da cultura, televis\u00e3o e cinema, como gestor de conte\u00fado audiovisual, arte educador, cinegrafista, assistente de c\u00e2mera e editor. Ele \u00e9 formado em R\u00e1dio e TV e \u00e9 t\u00e9cnico em processos fonogr\u00e1ficos, al\u00e9m de grande admirador do cinema de anima\u00e7\u00e3o e filmes <em>trash<\/em>.<\/p>\n<p>&nbsp;<\/p>\n<p>&nbsp;<\/p>\n<p>&nbsp;<\/p>\n","protected":false},"excerpt":{"rendered":"<p>Parceria com Secretaria de Estado da Cultura, atrav\u00e9s do programa o programa Pontos MIS, atividade ser\u00e1 no Pavilh\u00e3o Cultural &nbsp;<\/p>\n","protected":false},"author":1,"featured_media":2479,"comment_status":"closed","ping_status":"open","sticky":false,"template":"","format":"standard","meta":{"footnotes":""},"categories":[46],"tags":[],"class_list":["post-2740","post","type-post","status-publish","format-standard","has-post-thumbnail","hentry","category-cultura"],"_links":{"self":[{"href":"https:\/\/www.santaritadopassaquatro.sp.gov.br\/portal\/wp-json\/wp\/v2\/posts\/2740","targetHints":{"allow":["GET"]}}],"collection":[{"href":"https:\/\/www.santaritadopassaquatro.sp.gov.br\/portal\/wp-json\/wp\/v2\/posts"}],"about":[{"href":"https:\/\/www.santaritadopassaquatro.sp.gov.br\/portal\/wp-json\/wp\/v2\/types\/post"}],"author":[{"embeddable":true,"href":"https:\/\/www.santaritadopassaquatro.sp.gov.br\/portal\/wp-json\/wp\/v2\/users\/1"}],"replies":[{"embeddable":true,"href":"https:\/\/www.santaritadopassaquatro.sp.gov.br\/portal\/wp-json\/wp\/v2\/comments?post=2740"}],"version-history":[{"count":0,"href":"https:\/\/www.santaritadopassaquatro.sp.gov.br\/portal\/wp-json\/wp\/v2\/posts\/2740\/revisions"}],"wp:featuredmedia":[{"embeddable":true,"href":"https:\/\/www.santaritadopassaquatro.sp.gov.br\/portal\/wp-json\/wp\/v2\/media\/2479"}],"wp:attachment":[{"href":"https:\/\/www.santaritadopassaquatro.sp.gov.br\/portal\/wp-json\/wp\/v2\/media?parent=2740"}],"wp:term":[{"taxonomy":"category","embeddable":true,"href":"https:\/\/www.santaritadopassaquatro.sp.gov.br\/portal\/wp-json\/wp\/v2\/categories?post=2740"},{"taxonomy":"post_tag","embeddable":true,"href":"https:\/\/www.santaritadopassaquatro.sp.gov.br\/portal\/wp-json\/wp\/v2\/tags?post=2740"}],"curies":[{"name":"wp","href":"https:\/\/api.w.org\/{rel}","templated":true}]}}