{"id":2742,"date":"2019-10-25T16:09:48","date_gmt":"2019-10-25T19:09:48","guid":{"rendered":"http:\/\/www.santaritadopassaquatro.sp.gov.br\/portal\/?p=2742"},"modified":"2019-10-25T16:09:48","modified_gmt":"2019-10-25T19:09:48","slug":"programa-estancia-sertaneja-esta-entre-as-atracoes-culturais-de-novembro","status":"publish","type":"post","link":"https:\/\/www.santaritadopassaquatro.sp.gov.br\/portal\/programa-estancia-sertaneja-esta-entre-as-atracoes-culturais-de-novembro\/","title":{"rendered":"Programa Est\u00e2ncia Sertaneja est\u00e1 entre as atra\u00e7\u00f5es culturais de novembro"},"content":{"rendered":"<p><strong><em>Evento com apoio do Departamento de Cultura e Turismo ir\u00e1 reunir cinco atra\u00e7\u00f5es da m\u00fasica de raiz no Pavilh\u00e3o Cultural<\/em><\/strong><\/p>\n<p>&nbsp;<\/p>\n<p><img decoding=\"async\" class=\"alignnone size-medium wp-image-2743 alignleft\" src=\"http:\/\/www.santaritadopassaquatro.sp.gov.br\/portal\/wp-content\/uploads\/2019\/10\/estancia_sertaneja-300x300.jpg\" alt=\"\" width=\"300\" height=\"300\" srcset=\"https:\/\/www.santaritadopassaquatro.sp.gov.br\/portal\/wp-content\/uploads\/2019\/10\/estancia_sertaneja-300x300.jpg 300w, https:\/\/www.santaritadopassaquatro.sp.gov.br\/portal\/wp-content\/uploads\/2019\/10\/estancia_sertaneja-150x150.jpg 150w, https:\/\/www.santaritadopassaquatro.sp.gov.br\/portal\/wp-content\/uploads\/2019\/10\/estancia_sertaneja-768x768.jpg 768w, https:\/\/www.santaritadopassaquatro.sp.gov.br\/portal\/wp-content\/uploads\/2019\/10\/estancia_sertaneja-1024x1024.jpg 1024w, https:\/\/www.santaritadopassaquatro.sp.gov.br\/portal\/wp-content\/uploads\/2019\/10\/estancia_sertaneja.jpg 1758w\" sizes=\"(max-width: 300px) 100vw, 300px\" \/>O m\u00eas de novembro promete uma s\u00e9rie de atra\u00e7\u00f5es culturais, com apoio do Departamento de Turismo e Cultura, da Prefeitura Municipal de Santa Rita do Passa Quatro. \u00a0Entra elas, o Programa Est\u00e2ncia Sertaneja, que re\u00fane cinco atra\u00e7\u00f5es da m\u00fasica de raiz, com apresenta\u00e7\u00f5es no Pavilh\u00e3o Cultural.<\/p>\n<p>Com objetivo de valorizar a cultura caipira e divulgar duplas da cidade e regi\u00e3o, o acontece no pr\u00f3ximo dia 10 de novembro, domingo, \u00e0s 10 horas, no Pavilh\u00e3o Cultural, que fica na Pra\u00e7a Poeta M\u00e1rio Mattoso (Esta\u00e7\u00e3o), com entrada gratuita.<\/p>\n<p>Artistas confirmados para esta edi\u00e7\u00e3o do Programa Est\u00e2ncia Sertaneja s\u00e3o os Irm\u00e3os Ouro Verde, Luciano Violeiro e Juliano Damas, Silvio &amp; Spoliaric, Henrique Ara\u00fajo, Pedro Carreiro, Salles Viola e Jean Henrique. A organiza\u00e7\u00e3o e apresenta\u00e7\u00e3o \u00e9 de Juliano Modena.<\/p>\n","protected":false},"excerpt":{"rendered":"<p>Evento com apoio do Departamento de Cultura e Turismo ir\u00e1 reunir cinco atra\u00e7\u00f5es da m\u00fasica de raiz no Pavilh\u00e3o Cultural<\/p>\n","protected":false},"author":1,"featured_media":2743,"comment_status":"closed","ping_status":"open","sticky":false,"template":"","format":"standard","meta":{"footnotes":""},"categories":[46,60],"tags":[],"class_list":["post-2742","post","type-post","status-publish","format-standard","has-post-thumbnail","hentry","category-cultura","category-turismo"],"_links":{"self":[{"href":"https:\/\/www.santaritadopassaquatro.sp.gov.br\/portal\/wp-json\/wp\/v2\/posts\/2742","targetHints":{"allow":["GET"]}}],"collection":[{"href":"https:\/\/www.santaritadopassaquatro.sp.gov.br\/portal\/wp-json\/wp\/v2\/posts"}],"about":[{"href":"https:\/\/www.santaritadopassaquatro.sp.gov.br\/portal\/wp-json\/wp\/v2\/types\/post"}],"author":[{"embeddable":true,"href":"https:\/\/www.santaritadopassaquatro.sp.gov.br\/portal\/wp-json\/wp\/v2\/users\/1"}],"replies":[{"embeddable":true,"href":"https:\/\/www.santaritadopassaquatro.sp.gov.br\/portal\/wp-json\/wp\/v2\/comments?post=2742"}],"version-history":[{"count":0,"href":"https:\/\/www.santaritadopassaquatro.sp.gov.br\/portal\/wp-json\/wp\/v2\/posts\/2742\/revisions"}],"wp:featuredmedia":[{"embeddable":true,"href":"https:\/\/www.santaritadopassaquatro.sp.gov.br\/portal\/wp-json\/wp\/v2\/media\/2743"}],"wp:attachment":[{"href":"https:\/\/www.santaritadopassaquatro.sp.gov.br\/portal\/wp-json\/wp\/v2\/media?parent=2742"}],"wp:term":[{"taxonomy":"category","embeddable":true,"href":"https:\/\/www.santaritadopassaquatro.sp.gov.br\/portal\/wp-json\/wp\/v2\/categories?post=2742"},{"taxonomy":"post_tag","embeddable":true,"href":"https:\/\/www.santaritadopassaquatro.sp.gov.br\/portal\/wp-json\/wp\/v2\/tags?post=2742"}],"curies":[{"name":"wp","href":"https:\/\/api.w.org\/{rel}","templated":true}]}}