{"id":2751,"date":"2019-10-25T16:17:16","date_gmt":"2019-10-25T19:17:16","guid":{"rendered":"http:\/\/www.santaritadopassaquatro.sp.gov.br\/portal\/?p=2751"},"modified":"2019-10-25T16:17:16","modified_gmt":"2019-10-25T19:17:16","slug":"passeio-ciclistico-comemora-os-49-anos-do-parque-vassununga-neste-domingo","status":"publish","type":"post","link":"https:\/\/www.santaritadopassaquatro.sp.gov.br\/portal\/passeio-ciclistico-comemora-os-49-anos-do-parque-vassununga-neste-domingo\/","title":{"rendered":"Passeio cicl\u00edstico comemora os 49 anos do Parque Vassununga neste domingo"},"content":{"rendered":"<p><strong><em>Anivers\u00e1rio do PEV \u00e9 comemora no 26 de outubro, atividades come\u00e7aram nesta sexta-feira (25\/10), comemorando a conserva\u00e7\u00e3o da biodiversidade\u00a0 <\/em><\/strong><\/p>\n<p><strong><em>\u00a0<\/em><\/strong><\/p>\n<figure id=\"attachment_2752\" aria-describedby=\"caption-attachment-2752\" style=\"width: 351px\" class=\"wp-caption alignleft\"><img decoding=\"async\" class=\"wp-image-2752\" src=\"http:\/\/www.santaritadopassaquatro.sp.gov.br\/portal\/wp-content\/uploads\/2019\/10\/PEV_jequitiba_aerea-300x169.jpg\" alt=\"\" width=\"351\" height=\"198\" srcset=\"https:\/\/www.santaritadopassaquatro.sp.gov.br\/portal\/wp-content\/uploads\/2019\/10\/PEV_jequitiba_aerea-300x169.jpg 300w, https:\/\/www.santaritadopassaquatro.sp.gov.br\/portal\/wp-content\/uploads\/2019\/10\/PEV_jequitiba_aerea-768x432.jpg 768w, https:\/\/www.santaritadopassaquatro.sp.gov.br\/portal\/wp-content\/uploads\/2019\/10\/PEV_jequitiba_aerea-1024x576.jpg 1024w\" sizes=\"(max-width: 351px) 100vw, 351px\" \/><figcaption id=\"caption-attachment-2752\" class=\"wp-caption-text\"><span style=\"font-size: 8pt; color: #999999;\"><em><strong>Vista a\u00e9rea da PEV Vassununga, que est\u00e1 completando 49 anos neste s\u00e1bado (Arquivo\/Divulga\u00e7\u00e3o)<\/strong><\/em><\/span><\/figcaption><\/figure>\n<p>O Passeio cicl\u00edstico \u201cNa Terra dos Gigantes\u201d, ser\u00e1 atra\u00e7\u00e3o deste domingo da programa\u00e7\u00e3o de anivers\u00e1rio do Parque Estadual Vassununga, no munic\u00edpio de Santa Rita do Passa Quatro. O evento acontece neste domingo (27\/10), a partir das 7 horas e \u00e9 aberto ao p\u00fablico.<\/p>\n<p>O passeio ter\u00e1 dois percursos, um de 9 quil\u00f4metros (n\u00edvel f\u00e1cil) ou outro de 35 quil\u00f4metros (n\u00edvel moderado), pelas trilhas dos Jequitib\u00e1s, do Pedregulho e pelas glebas Capetinga Oeste, Maravilha e P\u00e9-de-Gigante. A recep\u00e7\u00e3o ser\u00e1 no Centro de Visitantes (Rodovia Anhanguera). Para participar \u00e9 necess\u00e1rio que o ciclista tenha no m\u00ednimo 10 anos (para o f\u00e1cil) e 18 anos (para o moderado).<\/p>\n<p>Haver\u00e1 caf\u00e9 comunit\u00e1rio, carro de apoio, \u00e1gua e frutas para os participantes. Para participar \u00e9 necess\u00e1rio fazer inscri\u00e7\u00e3o pelo e-mail: pe.vassununga@fflorestal.sp.gov.br.<\/p>\n<p>A organiza\u00e7\u00e3o \u00e9 do PEV Vassununga, com apoio da Prefeitura Municipal e iniciativa privada.<\/p>\n<p>&nbsp;<\/p>\n<p><strong>ANIVERS\u00c1RIO<\/strong><\/p>\n<p>Criado por decreto no dia 26 de outubro de 1970, o Parque Estadual Vassununga, no munic\u00edpio de Santa Rita do Passa Quatro, est\u00e1 completando 49 anos de conserva\u00e7\u00e3o da biodiversidade. Para comemorar a data, a dire\u00e7\u00e3o do parque est\u00e1 promovendo uma s\u00e9rie de atividades.<\/p>\n<p>Com atividades destinadas a crian\u00e7as e a adultos, a programa\u00e7\u00e3o come\u00e7ou nesta sexta-feira (25\/10) e segue at\u00e9 dia 9 de novembro, s\u00e1bado, com observa\u00e7\u00e3o de p\u00e1ssaros, passeio cicl\u00edstico, exibi\u00e7\u00e3o de filmes, entre outros. O destaque da programa\u00e7\u00e3o \u00e9 a inaugura\u00e7\u00e3o da Plataforma Elevada na Trilha do Mirante, na mata P\u00e9 de Gigante.<\/p>\n<p>&nbsp;<\/p>\n<p><strong>Confira a programa\u00e7\u00e3o: <\/strong><\/p>\n<p><strong>25\/10 \u2013 sexta-feira &#8211;\u00a0 8h \u00e0s 12h &#8211; <\/strong>Passarinhada Pok\u00e9mon para crian\u00e7as. Uma forma l\u00fadica de aprender sobre a natureza.<br \/>\n<strong>Local:<\/strong> Clube de Campo de Santa Rita do Passa Quatro.<br \/>\n<strong>Idade:<\/strong> 8 a12 anos.<br \/>\n<strong>Limite de participantes:<\/strong> 50 crian\u00e7as.<\/p>\n<p><strong>27\/10 \u2013 domingo &#8211; \u00e0s 7h<\/strong> \u2013 Passeio cicl\u00edstico \u201cNa Terra dos Gigantes\u201d, percursos de 9 e 35 km.<br \/>\n<strong>Local:<\/strong> recep\u00e7\u00e3o no Centro de Visitantes e passeio pelas trilhas dos Jequitib\u00e1s, do Pedregulho e pelas glebas Capetinga Oeste, Maravilha e P\u00e9-de-Gigante.<br \/>\n<strong>N\u00edvel de dificuldade:<\/strong> 9km f\u00e1cil; 35 km moderado.<br \/>\n<strong>Faixa et\u00e1ria m\u00ednima:<\/strong> 10 anos (9 km) e 18 anos (35 km).<br \/>\n<strong>Limite de participantes:<\/strong> 100 pessoas.<br \/>\nCarro de apoio e resgate.<\/p>\n<p><strong>30\/10 \u2013 Quarta-feira, \u00e0s 19h \u2013 Cine Legalis &#8211; <\/strong>Lan\u00e7amento do projeto de cinedebate com apresenta\u00e7\u00e3o do filme &#8220;O Poema Imperfeito&#8221; (2018), 40 min, classifica\u00e7\u00e3o Livre.<br \/>\n<strong>Local:<\/strong> Audit\u00f3rio da EMEF Laura Surlani Barbulo Caic.<br \/>\n<strong>Limite de participantes:<\/strong> 100 pessoas.<\/p>\n<p><strong>02\/11 \u2013 S\u00e1bado, das 7h30 \u00e0s 16h \u2013 Iniciando na Meliponicultura. (Abelhas Nativas Sem Ferr\u00e3o).<br \/>\nLocal:<\/strong> Centro de Visitantes do PE Vassununga.<br \/>\n<strong>Limite de participantes: <\/strong>30 pessoas.<\/p>\n<p><strong>09\/11 \u2013 s\u00e1bado, \u00e0s 6h30 \u2013<\/strong> <strong>Vem Passarinhar no PE Vassununga<\/strong> &#8211; com o GOAMA (Grupo de Observadores de Aves de Araraquara) e inaugura\u00e7\u00e3o da Plataforma elevada na trilha do mirante da gleba P\u00e9 de Gigante.<br \/>\n<strong>Local:<\/strong> Recep\u00e7\u00e3o no Centro de Visitantes do PE Vassununga e observa\u00e7\u00e3o de aves na Gleba P\u00e9 de Gigante.<br \/>\n<strong>Limite de participantes:<\/strong> 40 pessoas.<\/p>\n<p><strong>Parceiros: \u00a0<\/strong>GOAMA (Grupo de Observadores de Aves de Araraquara), Alarcom Sistemas de Seguran\u00e7a, Santa Rita Outdoor, Supermercados S\u00e3o Sebasti\u00e3o e Prefeitura da Est\u00e2ncia Clim\u00e1tica de Santa Rita do Passa Quatro.<\/p>\n<p>&nbsp;<\/p>\n<p>&nbsp;<\/p>\n","protected":false},"excerpt":{"rendered":"<p>Anivers\u00e1rio do PEV \u00e9 comemora no 26 de outubro, atividades come\u00e7aram nesta sexta-feira (25\/10), comemorando a conserva\u00e7\u00e3o da biodiversidade\u00a0 \u00a0<\/p>\n","protected":false},"author":1,"featured_media":2752,"comment_status":"closed","ping_status":"open","sticky":false,"template":"","format":"standard","meta":{"footnotes":""},"categories":[53,60],"tags":[],"class_list":["post-2751","post","type-post","status-publish","format-standard","has-post-thumbnail","hentry","category-meio-ambiente","category-turismo"],"_links":{"self":[{"href":"https:\/\/www.santaritadopassaquatro.sp.gov.br\/portal\/wp-json\/wp\/v2\/posts\/2751","targetHints":{"allow":["GET"]}}],"collection":[{"href":"https:\/\/www.santaritadopassaquatro.sp.gov.br\/portal\/wp-json\/wp\/v2\/posts"}],"about":[{"href":"https:\/\/www.santaritadopassaquatro.sp.gov.br\/portal\/wp-json\/wp\/v2\/types\/post"}],"author":[{"embeddable":true,"href":"https:\/\/www.santaritadopassaquatro.sp.gov.br\/portal\/wp-json\/wp\/v2\/users\/1"}],"replies":[{"embeddable":true,"href":"https:\/\/www.santaritadopassaquatro.sp.gov.br\/portal\/wp-json\/wp\/v2\/comments?post=2751"}],"version-history":[{"count":0,"href":"https:\/\/www.santaritadopassaquatro.sp.gov.br\/portal\/wp-json\/wp\/v2\/posts\/2751\/revisions"}],"wp:featuredmedia":[{"embeddable":true,"href":"https:\/\/www.santaritadopassaquatro.sp.gov.br\/portal\/wp-json\/wp\/v2\/media\/2752"}],"wp:attachment":[{"href":"https:\/\/www.santaritadopassaquatro.sp.gov.br\/portal\/wp-json\/wp\/v2\/media?parent=2751"}],"wp:term":[{"taxonomy":"category","embeddable":true,"href":"https:\/\/www.santaritadopassaquatro.sp.gov.br\/portal\/wp-json\/wp\/v2\/categories?post=2751"},{"taxonomy":"post_tag","embeddable":true,"href":"https:\/\/www.santaritadopassaquatro.sp.gov.br\/portal\/wp-json\/wp\/v2\/tags?post=2751"}],"curies":[{"name":"wp","href":"https:\/\/api.w.org\/{rel}","templated":true}]}}