{"id":2758,"date":"2019-10-25T16:24:27","date_gmt":"2019-10-25T19:24:27","guid":{"rendered":"http:\/\/www.santaritadopassaquatro.sp.gov.br\/portal\/?p=2758"},"modified":"2019-10-25T16:24:27","modified_gmt":"2019-10-25T19:24:27","slug":"santa-rita-estara-entre-os-destaques-no-4o-forum-brasileiro-de-turismo","status":"publish","type":"post","link":"https:\/\/www.santaritadopassaquatro.sp.gov.br\/portal\/santa-rita-estara-entre-os-destaques-no-4o-forum-brasileiro-de-turismo\/","title":{"rendered":"Santa Rita estar\u00e1 entre os destaques no 4\u00ba F\u00f3rum Brasileiro de Turismo"},"content":{"rendered":"<p><strong><em>Evento acontece no pr\u00f3ximo dia 1\u00ba de novembro, em Itu; prefeito Leandro Luciano dos Santos tamb\u00e9m ir\u00e1 representar a Aprecesp<\/em><\/strong><\/p>\n<p><strong><em>\u00a0<\/em><\/strong><\/p>\n<figure id=\"attachment_2762\" aria-describedby=\"caption-attachment-2762\" style=\"width: 300px\" class=\"wp-caption alignleft\"><img decoding=\"async\" class=\"wp-image-2762 size-medium\" src=\"http:\/\/www.santaritadopassaquatro.sp.gov.br\/portal\/wp-content\/uploads\/2019\/10\/Forum_turismo1-300x200.jpg\" alt=\"\" width=\"300\" height=\"200\" srcset=\"https:\/\/www.santaritadopassaquatro.sp.gov.br\/portal\/wp-content\/uploads\/2019\/10\/Forum_turismo1-300x200.jpg 300w, https:\/\/www.santaritadopassaquatro.sp.gov.br\/portal\/wp-content\/uploads\/2019\/10\/Forum_turismo1-768x512.jpg 768w, https:\/\/www.santaritadopassaquatro.sp.gov.br\/portal\/wp-content\/uploads\/2019\/10\/Forum_turismo1-1024x683.jpg 1024w\" sizes=\"(max-width: 300px) 100vw, 300px\" \/><figcaption id=\"caption-attachment-2762\" class=\"wp-caption-text\"><span style=\"font-size: 8pt; color: #999999;\"><em><strong>Prefeito de Santa Rita e presidente da Aprecesp estar\u00e1 entre os destaques do 4\u00ba F\u00f3rum Brasileiro Turismo (AssCom\/Arquivo\/Divulga\u00e7\u00e3o)<\/strong><\/em><\/span><\/figcaption><\/figure>\n<p>Santa Rita do Passa Quatro estar\u00e1 representada no 4\u00ba F\u00f3rum Brasileiro de Turismo, que acontece no pr\u00f3ximo dia 1\u00ba de novembro (sexta-feira), em Itu (SP).\u00a0 O munic\u00edpio ser\u00e1 representado pelo prefeito Leandro Luciano dos Santos, que tamb\u00e9m estar\u00e1 presente como presidente da Aprecesp (Associa\u00e7\u00e3o das Est\u00e2ncias Tur\u00edsticas do Estado de S\u00e3o Paulo).<\/p>\n<p>O objetivo do f\u00f3rum \u00e9 estimular os agentes p\u00fablicos e privados, que comp\u00f5em o Sistema Nacional de Turismo, a debater sobre o cen\u00e1rio atual do setor no pa\u00eds. O encontro tem o intuito de entender as demandas para os pr\u00f3ximos anos. Al\u00e9m disso, dever\u00e1 servir de base para idealizar estrat\u00e9gias a longo prazo, e apresentar contribui\u00e7\u00f5es para o pr\u00f3ximo ciclo das pol\u00edticas p\u00fablicas de turismo no Brasil.<\/p>\n<p><img decoding=\"async\" class=\"alignnone  wp-image-2763 alignright\" src=\"http:\/\/www.santaritadopassaquatro.sp.gov.br\/portal\/wp-content\/uploads\/2019\/10\/Forum_tursimo2-300x139.jpg\" alt=\"\" width=\"412\" height=\"199\" \/>Durante o f\u00f3rum, dever\u00e3o ser debatidos assuntos sobre o mercado de trabalho no setor, com a divulga\u00e7\u00e3o de dados relevantes sobre a performance nacional, do estado de S\u00e3o Paulo e Am\u00e9rica Latina, al\u00e9m de uma abordagem da vis\u00e3o mundial.<\/p>\n<p><strong>\u00a0<\/strong><\/p>\n<p>&nbsp;<\/p>\n<p>&nbsp;<\/p>\n","protected":false},"excerpt":{"rendered":"<p>Evento acontece no pr\u00f3ximo dia 1\u00ba de novembro, em Itu; prefeito Leandro Luciano dos Santos tamb\u00e9m ir\u00e1 representar a Aprecesp<\/p>\n","protected":false},"author":1,"featured_media":2762,"comment_status":"closed","ping_status":"open","sticky":false,"template":"","format":"standard","meta":{"footnotes":""},"categories":[52,57,60],"tags":[],"class_list":["post-2758","post","type-post","status-publish","format-standard","has-post-thumbnail","hentry","category-latest","category-politics","category-turismo"],"_links":{"self":[{"href":"https:\/\/www.santaritadopassaquatro.sp.gov.br\/portal\/wp-json\/wp\/v2\/posts\/2758","targetHints":{"allow":["GET"]}}],"collection":[{"href":"https:\/\/www.santaritadopassaquatro.sp.gov.br\/portal\/wp-json\/wp\/v2\/posts"}],"about":[{"href":"https:\/\/www.santaritadopassaquatro.sp.gov.br\/portal\/wp-json\/wp\/v2\/types\/post"}],"author":[{"embeddable":true,"href":"https:\/\/www.santaritadopassaquatro.sp.gov.br\/portal\/wp-json\/wp\/v2\/users\/1"}],"replies":[{"embeddable":true,"href":"https:\/\/www.santaritadopassaquatro.sp.gov.br\/portal\/wp-json\/wp\/v2\/comments?post=2758"}],"version-history":[{"count":0,"href":"https:\/\/www.santaritadopassaquatro.sp.gov.br\/portal\/wp-json\/wp\/v2\/posts\/2758\/revisions"}],"wp:featuredmedia":[{"embeddable":true,"href":"https:\/\/www.santaritadopassaquatro.sp.gov.br\/portal\/wp-json\/wp\/v2\/media\/2762"}],"wp:attachment":[{"href":"https:\/\/www.santaritadopassaquatro.sp.gov.br\/portal\/wp-json\/wp\/v2\/media?parent=2758"}],"wp:term":[{"taxonomy":"category","embeddable":true,"href":"https:\/\/www.santaritadopassaquatro.sp.gov.br\/portal\/wp-json\/wp\/v2\/categories?post=2758"},{"taxonomy":"post_tag","embeddable":true,"href":"https:\/\/www.santaritadopassaquatro.sp.gov.br\/portal\/wp-json\/wp\/v2\/tags?post=2758"}],"curies":[{"name":"wp","href":"https:\/\/api.w.org\/{rel}","templated":true}]}}