{"id":2765,"date":"2019-10-25T16:26:31","date_gmt":"2019-10-25T19:26:31","guid":{"rendered":"http:\/\/www.santaritadopassaquatro.sp.gov.br\/portal\/?p=2765"},"modified":"2019-10-25T16:26:31","modified_gmt":"2019-10-25T19:26:31","slug":"emprego-santa-rita-foi-a-4a-cidade-que-mais-contratou-na-regiao-segundo-caged","status":"publish","type":"post","link":"https:\/\/www.santaritadopassaquatro.sp.gov.br\/portal\/emprego-santa-rita-foi-a-4a-cidade-que-mais-contratou-na-regiao-segundo-caged\/","title":{"rendered":"EMPREGO:\u00a0Santa Rita foi a 4\u00aa cidade que mais contratou na regi\u00e3o, segundo CAGED"},"content":{"rendered":"<p><strong><em>De acordo com levantamento do G1, com 1,5 mil novos empregos em 2019, munic\u00edpio s\u00f3 ficou atr\u00e1s de Mat\u00e3o, S\u00e3o Jos\u00e9 do Rio Pardo e Araraquara <\/em><\/strong><\/p>\n<p>&nbsp;<\/p>\n<figure id=\"attachment_2761\" aria-describedby=\"caption-attachment-2761\" style=\"width: 300px\" class=\"wp-caption alignleft\"><img decoding=\"async\" class=\"wp-image-2761 size-medium\" src=\"http:\/\/www.santaritadopassaquatro.sp.gov.br\/portal\/wp-content\/uploads\/2019\/10\/prefeito_diretor_financeiro-300x201.jpg\" alt=\"\" width=\"300\" height=\"201\" srcset=\"https:\/\/www.santaritadopassaquatro.sp.gov.br\/portal\/wp-content\/uploads\/2019\/10\/prefeito_diretor_financeiro-300x201.jpg 300w, https:\/\/www.santaritadopassaquatro.sp.gov.br\/portal\/wp-content\/uploads\/2019\/10\/prefeito_diretor_financeiro-768x515.jpg 768w, https:\/\/www.santaritadopassaquatro.sp.gov.br\/portal\/wp-content\/uploads\/2019\/10\/prefeito_diretor_financeiro-1024x686.jpg 1024w\" sizes=\"(max-width: 300px) 100vw, 300px\" \/><figcaption id=\"caption-attachment-2761\" class=\"wp-caption-text\"><span style=\"font-size: 8pt; color: #999999;\"><em><strong>Prefeito e diretor de Finan\u00e7as: ambiente pol\u00edtico e econ\u00f4mico favor\u00e1vel gerando investimentos (Arquivo\/AssCom\/Divulga\u00e7\u00e3o)<\/strong><\/em><\/span><\/figcaption><\/figure>\n<p>Santa Rita do Passa Quatro mais uma vez \u00e9 destacada na regi\u00e3o entre os munic\u00edpios que mais geraram emprego com carteira assinada. De acordo com dados do CAGED (Cadastro Geral de Empregados e Desempregados), nos tr\u00eas primeiros trimestres de 2019, Santa Rita registrou 1.515 contrata\u00e7\u00f5es, ficando em 4\u00ba lugar na regi\u00e3o central, segundo levantamento do portal G1, publicado nesta quinta-feira (24\/10).<\/p>\n<p>Baseada nos dados do CAGED, a reportagem relata que a regi\u00e3o criou 18.138 vagas de emprego e, entre os 31 munic\u00edpios pesquisados, Santa Rita fica atr\u00e1s apenas de tr\u00eas. Mat\u00e3o tem melhor resultado, com um saldo positivo de 2.177 novas vagas; em seguida v\u00eam S\u00e3o Jos\u00e9 do Rio Pardo, 1.791 contrata\u00e7\u00f5es, e Araraquara, com 1.619 novos empregos. O munic\u00edpio santa-ritense supera cidades maiores como Vargem Grande do Sul (1.460 contrata\u00e7\u00f5es), Rio Claro (1.258), Pirassununga (1.006), Porto Ferreira (885) e Leme (804).<\/p>\n<p>Os dois setores que mais empregaram em Santa Rita foram a Industria de Transforma\u00e7\u00e3o, com 725 contra\u00e7\u00f5es, e o setor de servi\u00e7os, especialmente nos subsetores de alojamento, alimenta\u00e7\u00e3o, repara\u00e7\u00e3o, manuten\u00e7\u00e3o e reda\u00e7\u00e3o, com 709 empregos. Este segundo item tem rela\u00e7\u00e3o direta com o desenvolvimento do turismo no munic\u00edpio, quem vem avan\u00e7ando nos \u00faltimos anos.<\/p>\n<p><strong>\u00a0<\/strong><\/p>\n<p><strong>EVOLU\u00c7\u00c3O<\/strong><\/p>\n<p><img decoding=\"async\" class=\"alignnone  wp-image-2760 alignright\" src=\"http:\/\/www.santaritadopassaquatro.sp.gov.br\/portal\/wp-content\/uploads\/2019\/10\/Grafico-Emprego-300x225.jpg\" alt=\"\" width=\"384\" height=\"276\" \/>De acordo com o CAGED, Santa Rita vem apresentando um crescimento a cada ano na gera\u00e7\u00e3o de emprego. Em 2014, o saldo foi negativo, ou seja 714 demiss\u00f5es a mais do que contrata\u00e7\u00f5es. A evolu\u00e7\u00e3o foi evidente em 2015, mas ainda com saldo negativo, a cidade demitiu 149 pessoas a mais que contratou. A situa\u00e7\u00e3o melhorou muito nos anos seguintes, com saldos positivos em 2016, com 194 novos empregos; em 2017 foram 111 vagas a mais; e em 2018 o munic\u00edpio empregou 240 novos trabalhadores.<\/p>\n<p>&nbsp;<\/p>\n<p><strong>AMBIENTE FAVOR\u00c1VEL<\/strong><\/p>\n<p>Al\u00e9m do aumento de produ\u00e7\u00e3o das principais empresas do munic\u00edpio, o crescimento constante da gera\u00e7\u00e3o de empregos em Santa Rita se deve tamb\u00e9m \u00e0s novas empresas que surgiram nos \u00faltimos seis anos. Em 2013, o munic\u00edpio tinha 1.235 empresas cadastradas na Prefeitura. At\u00e9 o momento, em 2019, s\u00e3o 2.212, quase o dobro.<\/p>\n<p><img decoding=\"async\" class=\"alignnone  wp-image-2759 alignleft\" src=\"http:\/\/www.santaritadopassaquatro.sp.gov.br\/portal\/wp-content\/uploads\/2019\/10\/Grafico-Emprego-Regiao-300x258.jpg\" alt=\"\" width=\"344\" height=\"296\" srcset=\"https:\/\/www.santaritadopassaquatro.sp.gov.br\/portal\/wp-content\/uploads\/2019\/10\/Grafico-Emprego-Regiao-300x258.jpg 300w, https:\/\/www.santaritadopassaquatro.sp.gov.br\/portal\/wp-content\/uploads\/2019\/10\/Grafico-Emprego-Regiao-768x662.jpg 768w, https:\/\/www.santaritadopassaquatro.sp.gov.br\/portal\/wp-content\/uploads\/2019\/10\/Grafico-Emprego-Regiao-1024x882.jpg 1024w, https:\/\/www.santaritadopassaquatro.sp.gov.br\/portal\/wp-content\/uploads\/2019\/10\/Grafico-Emprego-Regiao.jpg 1465w\" sizes=\"(max-width: 344px) 100vw, 344px\" \/>Outro fator que comprova evolu\u00e7\u00e3o na sua economia s\u00e3o empresas de grupos ou redes consagradas que se instaram no munic\u00edpio nos \u00faltimos anos, durante a gest\u00e3o do prefeito Leandro Luciano dos Santos, como lojas de roupas e de departamento, farm\u00e1cia e supermercado.<\/p>\n<p>\u201cSanta Rita recebeu importantes filiais de redes consagradas, como Evolu\u00e7\u00e3o (roupas), Drogal (rede farm\u00e1cias), Casas Bahia (departamentos), o Dia (supermercado) e agora as lojas Americanas, que est\u00e1 prestes a ser inaugurada, isso sem d\u00favida mostra claramente o nosso potencial\u201d, disse o Diretor do Departamento de Finan\u00e7as da Prefeitura, Eduardo Gioielli Gracioso. \u201c\u00c9 resultado tamb\u00e9m da seriedade do governo do prefeito Leandro no que diz respeito a gest\u00e3o p\u00fablica, que tomou as medidas que deveriam ser tomadas no momento certo, refletindo em toda economia do munic\u00edpio, gerando um ambiente favor\u00e1vel, tanto econ\u00f4mico quanto pol\u00edtico da cidade, que consequentemente gera credibilidade e traz investimentos\u201d, concluiu.<\/p>\n<p>&nbsp;<\/p>\n<p>&nbsp;<\/p>\n","protected":false},"excerpt":{"rendered":"<p>De acordo com levantamento do G1, com 1,5 mil novos empregos em 2019, munic\u00edpio s\u00f3 ficou atr\u00e1s de Mat\u00e3o, S\u00e3o<\/p>\n","protected":false},"author":1,"featured_media":2761,"comment_status":"closed","ping_status":"open","sticky":false,"template":"","format":"standard","meta":{"footnotes":""},"categories":[44,52,56],"tags":[],"class_list":["post-2765","post","type-post","status-publish","format-standard","has-post-thumbnail","hentry","category-cidades","category-latest","category-oportunidade"],"_links":{"self":[{"href":"https:\/\/www.santaritadopassaquatro.sp.gov.br\/portal\/wp-json\/wp\/v2\/posts\/2765","targetHints":{"allow":["GET"]}}],"collection":[{"href":"https:\/\/www.santaritadopassaquatro.sp.gov.br\/portal\/wp-json\/wp\/v2\/posts"}],"about":[{"href":"https:\/\/www.santaritadopassaquatro.sp.gov.br\/portal\/wp-json\/wp\/v2\/types\/post"}],"author":[{"embeddable":true,"href":"https:\/\/www.santaritadopassaquatro.sp.gov.br\/portal\/wp-json\/wp\/v2\/users\/1"}],"replies":[{"embeddable":true,"href":"https:\/\/www.santaritadopassaquatro.sp.gov.br\/portal\/wp-json\/wp\/v2\/comments?post=2765"}],"version-history":[{"count":0,"href":"https:\/\/www.santaritadopassaquatro.sp.gov.br\/portal\/wp-json\/wp\/v2\/posts\/2765\/revisions"}],"wp:featuredmedia":[{"embeddable":true,"href":"https:\/\/www.santaritadopassaquatro.sp.gov.br\/portal\/wp-json\/wp\/v2\/media\/2761"}],"wp:attachment":[{"href":"https:\/\/www.santaritadopassaquatro.sp.gov.br\/portal\/wp-json\/wp\/v2\/media?parent=2765"}],"wp:term":[{"taxonomy":"category","embeddable":true,"href":"https:\/\/www.santaritadopassaquatro.sp.gov.br\/portal\/wp-json\/wp\/v2\/categories?post=2765"},{"taxonomy":"post_tag","embeddable":true,"href":"https:\/\/www.santaritadopassaquatro.sp.gov.br\/portal\/wp-json\/wp\/v2\/tags?post=2765"}],"curies":[{"name":"wp","href":"https:\/\/api.w.org\/{rel}","templated":true}]}}