{"id":2775,"date":"2019-11-04T10:13:08","date_gmt":"2019-11-04T12:13:08","guid":{"rendered":"http:\/\/www.santaritadopassaquatro.sp.gov.br\/portal\/?p=2775"},"modified":"2019-11-04T10:13:08","modified_gmt":"2019-11-04T12:13:08","slug":"comemoracao-dos-49-anos-do-parque-vassununga-continua-neste-sabado","status":"publish","type":"post","link":"https:\/\/www.santaritadopassaquatro.sp.gov.br\/portal\/comemoracao-dos-49-anos-do-parque-vassununga-continua-neste-sabado\/","title":{"rendered":"Comemora\u00e7\u00e3o dos 49 anos do Parque Vassununga continua neste s\u00e1bado"},"content":{"rendered":"<p><strong><em>Anivers\u00e1rio do PEV \u00e9 comemorado anualmente no dia 26 de outubro, celebrando a conserva\u00e7\u00e3o da biodiversidade\u00a0 <\/em><\/strong><\/p>\n<p><strong><em>\u00a0<\/em><\/strong><\/p>\n<figure id=\"attachment_2776\" aria-describedby=\"caption-attachment-2776\" style=\"width: 385px\" class=\"wp-caption alignleft\"><img decoding=\"async\" class=\"wp-image-2776\" src=\"http:\/\/www.santaritadopassaquatro.sp.gov.br\/portal\/wp-content\/uploads\/2019\/11\/passeio_ciclistico_vassununga-300x169.jpeg\" alt=\"\" width=\"385\" height=\"217\" srcset=\"https:\/\/www.santaritadopassaquatro.sp.gov.br\/portal\/wp-content\/uploads\/2019\/11\/passeio_ciclistico_vassununga-300x169.jpeg 300w, https:\/\/www.santaritadopassaquatro.sp.gov.br\/portal\/wp-content\/uploads\/2019\/11\/passeio_ciclistico_vassununga-768x432.jpeg 768w, https:\/\/www.santaritadopassaquatro.sp.gov.br\/portal\/wp-content\/uploads\/2019\/11\/passeio_ciclistico_vassununga-1024x576.jpeg 1024w, https:\/\/www.santaritadopassaquatro.sp.gov.br\/portal\/wp-content\/uploads\/2019\/11\/passeio_ciclistico_vassununga.jpeg 1032w\" sizes=\"(max-width: 385px) 100vw, 385px\" \/><figcaption id=\"caption-attachment-2776\" class=\"wp-caption-text\"><span style=\"font-size: 8pt; color: #999999;\"><em><strong>Participantes do Passeio Cicl\u00edstico promovido no \u00faltimo domingo em comemora\u00e7\u00e3o ao anivers\u00e1rio do PEV Vassununga (Arquivo\/Divulga\u00e7\u00e3o)<\/strong><\/em><\/span><\/figcaption><\/figure>\n<p>Criado por decreto no dia 26 de outubro de 1970, o Parque Estadual Vassununga, no munic\u00edpio de Santa Rita do Passa Quatro, completou 49 anos de conserva\u00e7\u00e3o da biodiversidade. Para comemorar a data, a dire\u00e7\u00e3o do parque est\u00e1 promovendo uma s\u00e9rie de atividades, destinadas a crian\u00e7as e adultos.<\/p>\n<p>A programa\u00e7\u00e3o come\u00e7ou no \u00faltimo dia 25 de outubro, sexta-feira, e segue at\u00e9 dia 9 de novembro, s\u00e1bado, com observa\u00e7\u00e3o de p\u00e1ssaros, passeio cicl\u00edstico, exibi\u00e7\u00e3o de filmes, entre outros. O destaque da programa\u00e7\u00e3o \u00e9 a inaugura\u00e7\u00e3o da Plataforma Elevada na Trilha do Mirante, na mata P\u00e9 de Gigante.<\/p>\n<p>Neste s\u00e1bado, das 7h30 \u00e0s 16h, acontece a atividade \u201cIniciando na Meliponicultura\u201d, sobre cultura e manejo de abelhas nativas sem ferr\u00e3o), no Centro de Visitantes do PE Vassununga. Limite de participantes \u00e9 de 30 pessoas e as inscri\u00e7\u00f5es devem ser feitas pelo e-mail pe.vassununga@fflorestal.sp.gov.br.<\/p>\n<p>A organiza\u00e7\u00e3o \u00e9 do PEV Vassununga, com apoio da Prefeitura Municipal e iniciativa privada.<\/p>\n<p>&nbsp;<\/p>\n<p><strong>PASSEIO CICL\u00cdSTICO E CINEMA<\/strong><\/p>\n<p>O Passeio cicl\u00edstico \u201cNa Terra dos Gigantes\u201d, foi atra\u00e7\u00e3o do \u00faltimo domingo (27\/10) da programa\u00e7\u00e3o. Aberto ao p\u00fablico o evento reuniu cerca de 100 ciclistas em dois percursos (9km e 35 km), pelas trilhas dos Jequitib\u00e1s, do Pedregulho e pelas glebas Capetinga Oeste, Maravilha e P\u00e9-de-Gigante.<\/p>\n<p>Na \u00faltima quarta-feira (30\/10), a programa\u00e7\u00e3o contou com o projeto Cine Legalis, com apresenta\u00e7\u00e3o do filme \u201cO Poema Imperfeito\u201d (2018) e debate sobre o tema, no audit\u00f3rio do CAIC Laura Suriani Barbuio.<\/p>\n<p>&nbsp;<\/p>\n<p><strong>CONFIRA O RESTANTE DA PROGRAMA\u00c7\u00c3O: <\/strong><\/p>\n<p><strong>02\/11 \u2013 S\u00e1bado, das 7h30 \u00e0s 16h \u2013 Iniciando na Meliponicultura. (Abelhas Nativas Sem Ferr\u00e3o).<br \/>\nLocal:<\/strong> Centro de Visitantes do PE Vassununga.<br \/>\n<strong>Limite de participantes: <\/strong>30 pessoas.<\/p>\n<p><strong>09\/11 \u2013 s\u00e1bado, \u00e0s 6h30 \u2013<\/strong> <strong>Vem Passarinhar no PE Vassununga<\/strong> &#8211; com o GOAMA (Grupo de Observadores de Aves de Araraquara) e inaugura\u00e7\u00e3o da Plataforma elevada na trilha do mirante da gleba P\u00e9 de Gigante.<br \/>\n<strong>Local:<\/strong> Recep\u00e7\u00e3o no Centro de Visitantes do PE Vassununga e observa\u00e7\u00e3o de aves na Gleba P\u00e9 de Gigante.<br \/>\n<strong>Limite de participantes:<\/strong> 40 pessoas.<\/p>\n<p><strong>Parceiros: \u00a0<\/strong>GOAMA (Grupo de Observadores de Aves de Araraquara), Alarcom Sistemas de Seguran\u00e7a, Santa Rita Outdoor, Supermercados S\u00e3o Sebasti\u00e3o e Prefeitura da Est\u00e2ncia Clim\u00e1tica de Santa Rita do Passa Quatro.<\/p>\n<p>&nbsp;<\/p>\n<p>&nbsp;<\/p>\n","protected":false},"excerpt":{"rendered":"<p>Anivers\u00e1rio do PEV \u00e9 comemorado anualmente no dia 26 de outubro, celebrando a conserva\u00e7\u00e3o da biodiversidade\u00a0 \u00a0 Criado por decreto<\/p>\n","protected":false},"author":1,"featured_media":2776,"comment_status":"closed","ping_status":"open","sticky":false,"template":"","format":"standard","meta":{"footnotes":""},"categories":[53],"tags":[],"class_list":["post-2775","post","type-post","status-publish","format-standard","has-post-thumbnail","hentry","category-meio-ambiente"],"_links":{"self":[{"href":"https:\/\/www.santaritadopassaquatro.sp.gov.br\/portal\/wp-json\/wp\/v2\/posts\/2775","targetHints":{"allow":["GET"]}}],"collection":[{"href":"https:\/\/www.santaritadopassaquatro.sp.gov.br\/portal\/wp-json\/wp\/v2\/posts"}],"about":[{"href":"https:\/\/www.santaritadopassaquatro.sp.gov.br\/portal\/wp-json\/wp\/v2\/types\/post"}],"author":[{"embeddable":true,"href":"https:\/\/www.santaritadopassaquatro.sp.gov.br\/portal\/wp-json\/wp\/v2\/users\/1"}],"replies":[{"embeddable":true,"href":"https:\/\/www.santaritadopassaquatro.sp.gov.br\/portal\/wp-json\/wp\/v2\/comments?post=2775"}],"version-history":[{"count":0,"href":"https:\/\/www.santaritadopassaquatro.sp.gov.br\/portal\/wp-json\/wp\/v2\/posts\/2775\/revisions"}],"wp:featuredmedia":[{"embeddable":true,"href":"https:\/\/www.santaritadopassaquatro.sp.gov.br\/portal\/wp-json\/wp\/v2\/media\/2776"}],"wp:attachment":[{"href":"https:\/\/www.santaritadopassaquatro.sp.gov.br\/portal\/wp-json\/wp\/v2\/media?parent=2775"}],"wp:term":[{"taxonomy":"category","embeddable":true,"href":"https:\/\/www.santaritadopassaquatro.sp.gov.br\/portal\/wp-json\/wp\/v2\/categories?post=2775"},{"taxonomy":"post_tag","embeddable":true,"href":"https:\/\/www.santaritadopassaquatro.sp.gov.br\/portal\/wp-json\/wp\/v2\/tags?post=2775"}],"curies":[{"name":"wp","href":"https:\/\/api.w.org\/{rel}","templated":true}]}}