{"id":2784,"date":"2019-11-04T10:17:11","date_gmt":"2019-11-04T12:17:11","guid":{"rendered":"http:\/\/www.santaritadopassaquatro.sp.gov.br\/portal\/?p=2784"},"modified":"2019-11-04T10:17:11","modified_gmt":"2019-11-04T12:17:11","slug":"4o-forum-brasileiro-de-turismo-destaca-importancia-das-estancias","status":"publish","type":"post","link":"https:\/\/www.santaritadopassaquatro.sp.gov.br\/portal\/4o-forum-brasileiro-de-turismo-destaca-importancia-das-estancias\/","title":{"rendered":"4\u00ba F\u00f3rum Brasileiro de Turismo destaca import\u00e2ncia das Est\u00e2ncias"},"content":{"rendered":"<p><strong><em>Evento nesta sexta-feira (1\u00ba\/11) em Itu; tem presen\u00e7a do prefeito e presidente da Aprecesp Leandro Luciano dos Santos <\/em><\/strong><\/p>\n<p><strong><em>\u00a0<\/em><\/strong><\/p>\n<p><img decoding=\"async\" class=\"alignnone size-medium wp-image-2785 alignleft\" src=\"http:\/\/www.santaritadopassaquatro.sp.gov.br\/portal\/wp-content\/uploads\/2019\/11\/convite_cforum_turismo-300x262.jpeg\" alt=\"\" width=\"300\" height=\"262\" srcset=\"https:\/\/www.santaritadopassaquatro.sp.gov.br\/portal\/wp-content\/uploads\/2019\/11\/convite_cforum_turismo-300x262.jpeg 300w, https:\/\/www.santaritadopassaquatro.sp.gov.br\/portal\/wp-content\/uploads\/2019\/11\/convite_cforum_turismo-768x671.jpeg 768w, https:\/\/www.santaritadopassaquatro.sp.gov.br\/portal\/wp-content\/uploads\/2019\/11\/convite_cforum_turismo-1024x895.jpeg 1024w, https:\/\/www.santaritadopassaquatro.sp.gov.br\/portal\/wp-content\/uploads\/2019\/11\/convite_cforum_turismo.jpeg 1242w\" sizes=\"(max-width: 300px) 100vw, 300px\" \/>Santa Rita do Passa Quatro esteve representada no 4\u00ba F\u00f3rum Brasileiro de Turismo, nesta sexta-feira, 1\u00ba de novembro, em Itu (SP).\u00a0 O munic\u00edpio foi representado pelo prefeito Leandro Luciano dos Santos, que tamb\u00e9m esteve presente como presidente da Aprecesp (Associa\u00e7\u00e3o das Est\u00e2ncias Tur\u00edsticas do Estado de S\u00e3o Paulo).<\/p>\n<p>O objetivo do f\u00f3rum \u00e9 estimular os agentes p\u00fablicos e privados, que comp\u00f5em o Sistema Nacional de Turismo, a debater sobre o cen\u00e1rio atual do setor no pa\u00eds. O encontro tem o intuito de entender as demandas para os pr\u00f3ximos anos. Al\u00e9m disso, dever\u00e1 servir de base para idealizar estrat\u00e9gias a longo prazo, e apresentar contribui\u00e7\u00f5es para o pr\u00f3ximo ciclo das pol\u00edticas p\u00fablicas de turismo no Brasil.<\/p>\n<p>Durante o f\u00f3rum, foram debatidos assuntos sobre o mercado de trabalho no setor, com a divulga\u00e7\u00e3o de dados relevantes sobre a performance nacional, do estado de S\u00e3o Paulo e Am\u00e9rica Latina, al\u00e9m de uma abordagem da vis\u00e3o mundial.<\/p>\n<p><strong>\u00a0<\/strong><\/p>\n<p>&nbsp;<\/p>\n","protected":false},"excerpt":{"rendered":"<p>Evento nesta sexta-feira (1\u00ba\/11) em Itu; tem presen\u00e7a do prefeito e presidente da Aprecesp Leandro Luciano dos Santos \u00a0 Santa<\/p>\n","protected":false},"author":1,"featured_media":2762,"comment_status":"closed","ping_status":"open","sticky":false,"template":"","format":"standard","meta":{"footnotes":""},"categories":[44,60],"tags":[],"class_list":["post-2784","post","type-post","status-publish","format-standard","has-post-thumbnail","hentry","category-cidades","category-turismo"],"_links":{"self":[{"href":"https:\/\/www.santaritadopassaquatro.sp.gov.br\/portal\/wp-json\/wp\/v2\/posts\/2784","targetHints":{"allow":["GET"]}}],"collection":[{"href":"https:\/\/www.santaritadopassaquatro.sp.gov.br\/portal\/wp-json\/wp\/v2\/posts"}],"about":[{"href":"https:\/\/www.santaritadopassaquatro.sp.gov.br\/portal\/wp-json\/wp\/v2\/types\/post"}],"author":[{"embeddable":true,"href":"https:\/\/www.santaritadopassaquatro.sp.gov.br\/portal\/wp-json\/wp\/v2\/users\/1"}],"replies":[{"embeddable":true,"href":"https:\/\/www.santaritadopassaquatro.sp.gov.br\/portal\/wp-json\/wp\/v2\/comments?post=2784"}],"version-history":[{"count":0,"href":"https:\/\/www.santaritadopassaquatro.sp.gov.br\/portal\/wp-json\/wp\/v2\/posts\/2784\/revisions"}],"wp:featuredmedia":[{"embeddable":true,"href":"https:\/\/www.santaritadopassaquatro.sp.gov.br\/portal\/wp-json\/wp\/v2\/media\/2762"}],"wp:attachment":[{"href":"https:\/\/www.santaritadopassaquatro.sp.gov.br\/portal\/wp-json\/wp\/v2\/media?parent=2784"}],"wp:term":[{"taxonomy":"category","embeddable":true,"href":"https:\/\/www.santaritadopassaquatro.sp.gov.br\/portal\/wp-json\/wp\/v2\/categories?post=2784"},{"taxonomy":"post_tag","embeddable":true,"href":"https:\/\/www.santaritadopassaquatro.sp.gov.br\/portal\/wp-json\/wp\/v2\/tags?post=2784"}],"curies":[{"name":"wp","href":"https:\/\/api.w.org\/{rel}","templated":true}]}}