{"id":2787,"date":"2019-11-04T10:18:20","date_gmt":"2019-11-04T12:18:20","guid":{"rendered":"http:\/\/www.santaritadopassaquatro.sp.gov.br\/portal\/?p=2787"},"modified":"2019-11-04T10:18:20","modified_gmt":"2019-11-04T12:18:20","slug":"mostra-dandara-comemora-dia-da-consciencia-negra-santa-rita","status":"publish","type":"post","link":"https:\/\/www.santaritadopassaquatro.sp.gov.br\/portal\/mostra-dandara-comemora-dia-da-consciencia-negra-santa-rita\/","title":{"rendered":"Mostra Dandara comemora Dia da Consci\u00eancia Negra Santa Rita"},"content":{"rendered":"<p><strong><em>\u00a0<\/em><\/strong><strong><em>Com apoio do Departamento Municipal de Cultura e Turismo, evento acontece na Pra\u00e7a Poeta Mario Mattoso e Pavilh\u00e3o Cultural<\/em><\/strong><\/p>\n<p><strong><em>\u00a0<\/em><\/strong><\/p>\n<p><img decoding=\"async\" class=\"alignnone size-medium wp-image-2746 alignleft\" src=\"http:\/\/www.santaritadopassaquatro.sp.gov.br\/portal\/wp-content\/uploads\/2019\/10\/dandara_mostra-300x261.jpg\" alt=\"\" width=\"300\" height=\"261\" srcset=\"https:\/\/www.santaritadopassaquatro.sp.gov.br\/portal\/wp-content\/uploads\/2019\/10\/dandara_mostra-300x261.jpg 300w, https:\/\/www.santaritadopassaquatro.sp.gov.br\/portal\/wp-content\/uploads\/2019\/10\/dandara_mostra.jpg 724w\" sizes=\"(max-width: 300px) 100vw, 300px\" \/>Uma programa\u00e7\u00e3o especial de uma semana ir\u00e1 comemorar o Dia da Consci\u00eancia Negra em Santa Rita do Passa Quatro. Com apoio do Departamento de Turismo e Cultura, da Prefeitura Municipal, o Coletivo Negro Santarritense ir\u00e1 promover, Mostra Dandara. \u00a0A 1\u00aa Mostra Cultural Negra de Santa Rita acontece de 17 a 22 de novembro, abordando diversos temas (confira a programa\u00e7\u00e3o), na Pra\u00e7a Poeta Mario Mattoso (Esta\u00e7\u00e3o) e Pavilh\u00e3o Cultural, com manifesta\u00e7\u00f5es art\u00edsticas e culturais.<\/p>\n<p>O evento acontece na semana quem que se comemora o \u201cDia Nacional da Consci\u00eancia Negra\u201d (20 de novembro). Criada em 2003, a data \u00e9 dedicada \u00e0 reflex\u00e3o sobre a inser\u00e7\u00e3o do negro na sociedade brasileira e foi escolhida por coincidir com o dia atribu\u00eddo \u00e0 morte de Zumbi dos Palmares, em 1695, um dos maiores l\u00edderes negros do Brasil que lutou pela liberta\u00e7\u00e3o do povo contra o sistema escravista.<\/p>\n<p>O Dia da Consci\u00eancia Negra \u00e9 considerado importante no reconhecimento dos descendentes africanos e da constru\u00e7\u00e3o da sociedade brasileira. Dentre outras, a data sucinta quest\u00f5es sobre racismo, discrimina\u00e7\u00e3o, igualdade social, inclus\u00e3o de negros na sociedade e a cultura afro-brasileira, assim como a promo\u00e7\u00e3o de f\u00f3runs, debates e outras atividades que valorizam a cultura africana.<\/p>\n<p><strong>Confira a programa\u00e7\u00e3o e os temas abordados: <\/strong><\/p>\n<ul>\n<li>Domingo, (17\/11) \u2013 \u201cNegritude e Representatividade\u201d, \u00e0s 14 horas, na Pra\u00e7a da Esta\u00e7\u00e3o.<\/li>\n<li>Segunda-feira (18\/11) \u2013 \u201cFam\u00edlias Negras\u201d, \u00e0s 19 horas, no Pavilh\u00e3o Cultural.<\/li>\n<li>Ter\u00e7a-feira (19\/11) \u2013 \u201cEmpreendedorismo Negro e Afro Consumo\u201d, \u00e0s 19 horas, no Pavilh\u00e3o Cultural.<\/li>\n<li>Quarta-feira (20\/11) \u2013 \u201cConscientize-se: Racismo Estrutural e Institucionalizado\u201d, \u00e0s 19 horas, no Pavilh\u00e3o Cultural.<\/li>\n<li>Quinta-feira (21\/11) \u2013 \u201cEst\u00e9tica Negra: Ame Os Seus Tra\u00e7os\u201d, \u00e0s 19 horas, no Pavilh\u00e3o Cultural.<\/li>\n<li>Sexta-feira (22\/11) \u2013 \u201cMulher Negra: For\u00e7a, Beleza e Resist\u00eancia\u201d, \u00e0s 19 horas, na Pra\u00e7a da Esta\u00e7\u00e3o.<\/li>\n<\/ul>\n<p>&nbsp;<\/p>\n","protected":false},"excerpt":{"rendered":"<p>\u00a0Com apoio do Departamento Municipal de Cultura e Turismo, evento acontece na Pra\u00e7a Poeta Mario Mattoso e Pavilh\u00e3o Cultural \u00a0<\/p>\n","protected":false},"author":1,"featured_media":2746,"comment_status":"closed","ping_status":"open","sticky":false,"template":"","format":"standard","meta":{"footnotes":""},"categories":[46,52,60],"tags":[],"class_list":["post-2787","post","type-post","status-publish","format-standard","has-post-thumbnail","hentry","category-cultura","category-latest","category-turismo"],"_links":{"self":[{"href":"https:\/\/www.santaritadopassaquatro.sp.gov.br\/portal\/wp-json\/wp\/v2\/posts\/2787","targetHints":{"allow":["GET"]}}],"collection":[{"href":"https:\/\/www.santaritadopassaquatro.sp.gov.br\/portal\/wp-json\/wp\/v2\/posts"}],"about":[{"href":"https:\/\/www.santaritadopassaquatro.sp.gov.br\/portal\/wp-json\/wp\/v2\/types\/post"}],"author":[{"embeddable":true,"href":"https:\/\/www.santaritadopassaquatro.sp.gov.br\/portal\/wp-json\/wp\/v2\/users\/1"}],"replies":[{"embeddable":true,"href":"https:\/\/www.santaritadopassaquatro.sp.gov.br\/portal\/wp-json\/wp\/v2\/comments?post=2787"}],"version-history":[{"count":0,"href":"https:\/\/www.santaritadopassaquatro.sp.gov.br\/portal\/wp-json\/wp\/v2\/posts\/2787\/revisions"}],"wp:featuredmedia":[{"embeddable":true,"href":"https:\/\/www.santaritadopassaquatro.sp.gov.br\/portal\/wp-json\/wp\/v2\/media\/2746"}],"wp:attachment":[{"href":"https:\/\/www.santaritadopassaquatro.sp.gov.br\/portal\/wp-json\/wp\/v2\/media?parent=2787"}],"wp:term":[{"taxonomy":"category","embeddable":true,"href":"https:\/\/www.santaritadopassaquatro.sp.gov.br\/portal\/wp-json\/wp\/v2\/categories?post=2787"},{"taxonomy":"post_tag","embeddable":true,"href":"https:\/\/www.santaritadopassaquatro.sp.gov.br\/portal\/wp-json\/wp\/v2\/tags?post=2787"}],"curies":[{"name":"wp","href":"https:\/\/api.w.org\/{rel}","templated":true}]}}