{"id":2789,"date":"2019-11-04T10:22:44","date_gmt":"2019-11-04T12:22:44","guid":{"rendered":"http:\/\/www.santaritadopassaquatro.sp.gov.br\/portal\/?p=2789"},"modified":"2019-11-04T10:22:44","modified_gmt":"2019-11-04T12:22:44","slug":"programa-estancia-sertaneja-ira-reunir-cinco-atracoes-no-pavilhao-cultural","status":"publish","type":"post","link":"https:\/\/www.santaritadopassaquatro.sp.gov.br\/portal\/programa-estancia-sertaneja-ira-reunir-cinco-atracoes-no-pavilhao-cultural\/","title":{"rendered":"Programa Est\u00e2ncia Sertaneja ir\u00e1 reunir cinco atra\u00e7\u00f5es no Pavilh\u00e3o Cultural"},"content":{"rendered":"<p><strong><em>Evento com apoio do Departamento de Cultura e Turismo, evento acontece <\/em><\/strong><strong><em>no pr\u00f3ximo dia 10 novembro <\/em><\/strong><\/p>\n<p>&nbsp;<\/p>\n<figure id=\"attachment_2790\" aria-describedby=\"caption-attachment-2790\" style=\"width: 347px\" class=\"wp-caption alignleft\"><img decoding=\"async\" class=\"wp-image-2790\" src=\"http:\/\/www.santaritadopassaquatro.sp.gov.br\/portal\/wp-content\/uploads\/2019\/11\/WhatsApp-Image-2019-10-31-at-08.54.21-300x200.jpeg\" alt=\"\" width=\"347\" height=\"231\" srcset=\"https:\/\/www.santaritadopassaquatro.sp.gov.br\/portal\/wp-content\/uploads\/2019\/11\/WhatsApp-Image-2019-10-31-at-08.54.21-300x200.jpeg 300w, https:\/\/www.santaritadopassaquatro.sp.gov.br\/portal\/wp-content\/uploads\/2019\/11\/WhatsApp-Image-2019-10-31-at-08.54.21-768x512.jpeg 768w, https:\/\/www.santaritadopassaquatro.sp.gov.br\/portal\/wp-content\/uploads\/2019\/11\/WhatsApp-Image-2019-10-31-at-08.54.21-1024x682.jpeg 1024w, https:\/\/www.santaritadopassaquatro.sp.gov.br\/portal\/wp-content\/uploads\/2019\/11\/WhatsApp-Image-2019-10-31-at-08.54.21.jpeg 1280w\" sizes=\"(max-width: 347px) 100vw, 347px\" \/><figcaption id=\"caption-attachment-2790\" class=\"wp-caption-text\"><span style=\"font-size: 8pt; color: #999999;\"><em><strong>Luciano Violeiro e juliano damas dupla consagrada no estilo, \u00e9 uma das atra\u00e7\u00f5es do evento<\/strong><\/em><\/span><\/figcaption><\/figure>\n<p>Com objetivo de valorizar a cultura caipira e divulgar duplas da cidade e regi\u00e3o, o Programa Est\u00e2ncia Sertaneja ir\u00e1 reunir cinco atra\u00e7\u00f5es da m\u00fasica de raiz, no pr\u00f3ximo dia 10 e novembro, domingo, no Pavilh\u00e3o Cultural, em Santa Rita do Passa Quatro.<\/p>\n<p>Com apoio do Departamento de Turismo e Cultura, da Prefeitura Municipal, evento ir\u00e1 contar com shows dos Irm\u00e3os Ouro Verde, Luciano Violeiro e Juliano Damas, Silvio &amp; Spoliaric, Henrique Ara\u00fajo, Pedro Carreiro, Salles Viola e Jean Henrique. A organiza\u00e7\u00e3o e apresenta\u00e7\u00e3o \u00e9 de Juliano Modena.<\/p>\n<p>Programa Est\u00e2ncia Sertaneja come\u00e7a a partir das 10 horas e Pavilh\u00e3o Cultural fica na Pra\u00e7a Poeta M\u00e1rio Mattoso (Esta\u00e7\u00e3o). A entrada \u00e9 gratuita.<\/p>\n","protected":false},"excerpt":{"rendered":"<p>Evento com apoio do Departamento de Cultura e Turismo, evento acontece no pr\u00f3ximo dia 10 novembro &nbsp; Com objetivo de<\/p>\n","protected":false},"author":1,"featured_media":2743,"comment_status":"closed","ping_status":"open","sticky":false,"template":"","format":"standard","meta":{"footnotes":""},"categories":[46,60],"tags":[],"class_list":["post-2789","post","type-post","status-publish","format-standard","has-post-thumbnail","hentry","category-cultura","category-turismo"],"_links":{"self":[{"href":"https:\/\/www.santaritadopassaquatro.sp.gov.br\/portal\/wp-json\/wp\/v2\/posts\/2789","targetHints":{"allow":["GET"]}}],"collection":[{"href":"https:\/\/www.santaritadopassaquatro.sp.gov.br\/portal\/wp-json\/wp\/v2\/posts"}],"about":[{"href":"https:\/\/www.santaritadopassaquatro.sp.gov.br\/portal\/wp-json\/wp\/v2\/types\/post"}],"author":[{"embeddable":true,"href":"https:\/\/www.santaritadopassaquatro.sp.gov.br\/portal\/wp-json\/wp\/v2\/users\/1"}],"replies":[{"embeddable":true,"href":"https:\/\/www.santaritadopassaquatro.sp.gov.br\/portal\/wp-json\/wp\/v2\/comments?post=2789"}],"version-history":[{"count":0,"href":"https:\/\/www.santaritadopassaquatro.sp.gov.br\/portal\/wp-json\/wp\/v2\/posts\/2789\/revisions"}],"wp:featuredmedia":[{"embeddable":true,"href":"https:\/\/www.santaritadopassaquatro.sp.gov.br\/portal\/wp-json\/wp\/v2\/media\/2743"}],"wp:attachment":[{"href":"https:\/\/www.santaritadopassaquatro.sp.gov.br\/portal\/wp-json\/wp\/v2\/media?parent=2789"}],"wp:term":[{"taxonomy":"category","embeddable":true,"href":"https:\/\/www.santaritadopassaquatro.sp.gov.br\/portal\/wp-json\/wp\/v2\/categories?post=2789"},{"taxonomy":"post_tag","embeddable":true,"href":"https:\/\/www.santaritadopassaquatro.sp.gov.br\/portal\/wp-json\/wp\/v2\/tags?post=2789"}],"curies":[{"name":"wp","href":"https:\/\/api.w.org\/{rel}","templated":true}]}}