{"id":2792,"date":"2019-11-04T10:24:33","date_gmt":"2019-11-04T12:24:33","guid":{"rendered":"http:\/\/www.santaritadopassaquatro.sp.gov.br\/portal\/?p=2792"},"modified":"2019-11-04T10:24:33","modified_gmt":"2019-11-04T12:24:33","slug":"humor-santa-rita-recebe-mais-uma-comedia-stand-up-em-novembro","status":"publish","type":"post","link":"https:\/\/www.santaritadopassaquatro.sp.gov.br\/portal\/humor-santa-rita-recebe-mais-uma-comedia-stand-up-em-novembro\/","title":{"rendered":"HUMOR:\u00a0Santa Rita recebe mais uma com\u00e9dia stand up em novembro"},"content":{"rendered":"<p><strong><em>O comediante Rafa Bonfim ser\u00e1 atra\u00e7\u00e3o no Centro Cultural, na pr\u00f3xima sexta-feira, 8 de novembro, os ingressos devem ser trocados por 1kg de alimento em prol da APAE<\/em><\/strong><\/p>\n<p>&nbsp;<\/p>\n<p><img decoding=\"async\" class=\"alignnone size-medium wp-image-2793 alignleft\" src=\"http:\/\/www.santaritadopassaquatro.sp.gov.br\/portal\/wp-content\/uploads\/2019\/11\/stand_up_Rafa_Bonfim-300x200.jpg\" alt=\"\" width=\"300\" height=\"200\" srcset=\"https:\/\/www.santaritadopassaquatro.sp.gov.br\/portal\/wp-content\/uploads\/2019\/11\/stand_up_Rafa_Bonfim-300x200.jpg 300w, https:\/\/www.santaritadopassaquatro.sp.gov.br\/portal\/wp-content\/uploads\/2019\/11\/stand_up_Rafa_Bonfim-768x511.jpg 768w, https:\/\/www.santaritadopassaquatro.sp.gov.br\/portal\/wp-content\/uploads\/2019\/11\/stand_up_Rafa_Bonfim.jpg 960w\" sizes=\"(max-width: 300px) 100vw, 300px\" \/>Santa Rita do Passa Quatro volta receber uma com\u00e9dia <em>stand up<\/em> neste m\u00eas de novembro. O show \u201cN\u00e3o nasci pro trabalho\u201d, com o comediante Rafa Bonfim, acontece na pr\u00f3xima sexta-feira (8\/11), \u00e0s 20 horas, no Centro Cultural M\u00e1rio Covas.<\/p>\n<p>A atra\u00e7\u00e3o conta com apoio do Departamento de Cultura e Turismo, da Prefeitura Municipal, e o ingresso deve ser trocados por 1 quilo de alimento n\u00e3o perec\u00edvel, e a arrecada\u00e7\u00e3o ser\u00e1 destinada em prol da APAE de Santa Rita. Os interessados devem fazer a troca no Departamento de Cultura e Turismo, que fica no Museu Zequinha de Abreu, na Pra\u00e7a Poeta Mario Mattoso (Esta\u00e7\u00e3o), de segunda a sexta-feira, das 8h \u00e0s 11h e 13h \u00e0s 17 horas. Os ingressos s\u00e3o limitados.<\/p>\n<p>Com classifica\u00e7\u00e3o 12 anos, o show \u201cN\u00e3o nasci pro trabalho\u201d conta hist\u00f3rias DE experi\u00eancias de vida do comediante com o trabalho e utiliza sua express\u00e3o corporal para falar tamb\u00e9m de relacionamento, dogmas, feminismo, machismo, e da vida pessoal, sempre de uma forma hil\u00e1ria, \u00fanica e com muito bom humor.<\/p>\n<p><strong>\u00a0<\/strong><\/p>\n<p><strong>SERVI\u00c7O<br \/>\n\u201cN\u00c3O NASCI PRO TRABALHO\u201d \u2013 <em>Stand up<\/em> com Rafa Bonfim.<br \/>\nQUANDO: <\/strong>sexta-feira, 8 de novembro, \u00e0s 20 horas.<strong><br \/>\nONDE: <\/strong>Centro Cultural M\u00e1rio Covas.<br \/>\n<strong>Classifica\u00e7\u00e3o:<\/strong> 12 anos.<br \/>\n<strong>INGRESSOS: <\/strong>1 kg de alimento n\u00e3o perec\u00edvel (em prol da APEE).<br \/>\n<strong>PONTO DE TROCA:<\/strong> Museu Zequinha de Abreu.<\/p>\n<p>&nbsp;<\/p>\n<p>&nbsp;<\/p>\n<p><strong>\u00a0<\/strong><\/p>\n<p>&nbsp;<\/p>\n<p>&nbsp;<\/p>\n<p>&nbsp;<\/p>\n","protected":false},"excerpt":{"rendered":"<p>O comediante Rafa Bonfim ser\u00e1 atra\u00e7\u00e3o no Centro Cultural, na pr\u00f3xima sexta-feira, 8 de novembro, os ingressos devem ser trocados<\/p>\n","protected":false},"author":1,"featured_media":2793,"comment_status":"closed","ping_status":"open","sticky":false,"template":"","format":"standard","meta":{"footnotes":""},"categories":[46,60],"tags":[],"class_list":["post-2792","post","type-post","status-publish","format-standard","has-post-thumbnail","hentry","category-cultura","category-turismo"],"_links":{"self":[{"href":"https:\/\/www.santaritadopassaquatro.sp.gov.br\/portal\/wp-json\/wp\/v2\/posts\/2792","targetHints":{"allow":["GET"]}}],"collection":[{"href":"https:\/\/www.santaritadopassaquatro.sp.gov.br\/portal\/wp-json\/wp\/v2\/posts"}],"about":[{"href":"https:\/\/www.santaritadopassaquatro.sp.gov.br\/portal\/wp-json\/wp\/v2\/types\/post"}],"author":[{"embeddable":true,"href":"https:\/\/www.santaritadopassaquatro.sp.gov.br\/portal\/wp-json\/wp\/v2\/users\/1"}],"replies":[{"embeddable":true,"href":"https:\/\/www.santaritadopassaquatro.sp.gov.br\/portal\/wp-json\/wp\/v2\/comments?post=2792"}],"version-history":[{"count":0,"href":"https:\/\/www.santaritadopassaquatro.sp.gov.br\/portal\/wp-json\/wp\/v2\/posts\/2792\/revisions"}],"wp:featuredmedia":[{"embeddable":true,"href":"https:\/\/www.santaritadopassaquatro.sp.gov.br\/portal\/wp-json\/wp\/v2\/media\/2793"}],"wp:attachment":[{"href":"https:\/\/www.santaritadopassaquatro.sp.gov.br\/portal\/wp-json\/wp\/v2\/media?parent=2792"}],"wp:term":[{"taxonomy":"category","embeddable":true,"href":"https:\/\/www.santaritadopassaquatro.sp.gov.br\/portal\/wp-json\/wp\/v2\/categories?post=2792"},{"taxonomy":"post_tag","embeddable":true,"href":"https:\/\/www.santaritadopassaquatro.sp.gov.br\/portal\/wp-json\/wp\/v2\/tags?post=2792"}],"curies":[{"name":"wp","href":"https:\/\/api.w.org\/{rel}","templated":true}]}}