{"id":2800,"date":"2019-11-04T10:32:41","date_gmt":"2019-11-04T12:32:41","guid":{"rendered":"http:\/\/www.santaritadopassaquatro.sp.gov.br\/portal\/?p=2800"},"modified":"2019-11-04T10:32:41","modified_gmt":"2019-11-04T12:32:41","slug":"aprecesp-prefeito-participa-de-reuniao-sobre-projeto-para-atrair-turista-do-chile-em-sp","status":"publish","type":"post","link":"https:\/\/www.santaritadopassaquatro.sp.gov.br\/portal\/aprecesp-prefeito-participa-de-reuniao-sobre-projeto-para-atrair-turista-do-chile-em-sp\/","title":{"rendered":"APRECESP:\u00a0Prefeito participa de reuni\u00e3o sobre projeto para atrair turista do Chile em SP"},"content":{"rendered":"<p><strong><em>Secretaria de Estado de Turismo, Associa\u00e7\u00e3o das Est\u00e2ncias e de empresa privada est\u00e3o trabalhando juntos para o fomento do turismo internacional<\/em><\/strong><\/p>\n<p><strong><em>\u00a0<\/em><\/strong><\/p>\n<figure id=\"attachment_2802\" aria-describedby=\"caption-attachment-2802\" style=\"width: 300px\" class=\"wp-caption alignleft\"><img decoding=\"async\" class=\"wp-image-2802 size-medium\" src=\"http:\/\/www.santaritadopassaquatro.sp.gov.br\/portal\/wp-content\/uploads\/2019\/11\/WhatsApp-Image-2019-10-31-at-12.46.10-300x300.jpeg\" alt=\"\" width=\"300\" height=\"300\" srcset=\"https:\/\/www.santaritadopassaquatro.sp.gov.br\/portal\/wp-content\/uploads\/2019\/11\/WhatsApp-Image-2019-10-31-at-12.46.10-300x300.jpeg 300w, https:\/\/www.santaritadopassaquatro.sp.gov.br\/portal\/wp-content\/uploads\/2019\/11\/WhatsApp-Image-2019-10-31-at-12.46.10-150x150.jpeg 150w, https:\/\/www.santaritadopassaquatro.sp.gov.br\/portal\/wp-content\/uploads\/2019\/11\/WhatsApp-Image-2019-10-31-at-12.46.10-768x768.jpeg 768w, https:\/\/www.santaritadopassaquatro.sp.gov.br\/portal\/wp-content\/uploads\/2019\/11\/WhatsApp-Image-2019-10-31-at-12.46.10.jpeg 1024w\" sizes=\"(max-width: 300px) 100vw, 300px\" \/><figcaption id=\"caption-attachment-2802\" class=\"wp-caption-text\"><span style=\"font-size: 8pt; color: #999999;\"><em><strong>Os prefeitos de Santa Rita e Campos do Jord\u00e3o com o secret\u00e1rio de Turismo do Estado de S\u00e3o Paulo, nesta quinta-feira (Divulga\u00e7\u00e3o) <\/strong><\/em><\/span><\/figcaption><\/figure>\n<p>O prefeito de Santa Rita do Passa Quatro e presidente da Aprecesp (Associa\u00e7\u00e3o das Est\u00e2ncias Tur\u00edsticas do Estado de S\u00e3o Paulo, Leandro Luciano dos Santos, esteve reunido na \u00faltima quarta-feira (30\/10), em S\u00e3o Paulo, com representantes da empresa AWT Brasil, que representa a companhia a\u00e9rea Sky Airline.<\/p>\n<p>Participaram tamb\u00e9m reuni\u00e3o o secret\u00e1rio executivo, Marcelo Lima Costa, e o Chefe de Gabinete da Secretaria Estadual de Turismo de S\u00e3o Paulo Guilherme de Miranda Clementino, e com nosso engenheiro respons\u00e1vel por conv\u00eanios com o Dadetur (Departamento de Apoio as Est\u00e2ncias), Renato Camargo, e a nossa gerente de Rela\u00e7\u00f5es Institucionais Marcia Azeredo.<\/p>\n<figure id=\"attachment_2801\" aria-describedby=\"caption-attachment-2801\" style=\"width: 300px\" class=\"wp-caption alignright\"><img decoding=\"async\" class=\"wp-image-2801 size-medium\" src=\"http:\/\/www.santaritadopassaquatro.sp.gov.br\/portal\/wp-content\/uploads\/2019\/11\/chile02-300x225.jpeg\" alt=\"\" width=\"300\" height=\"225\" srcset=\"https:\/\/www.santaritadopassaquatro.sp.gov.br\/portal\/wp-content\/uploads\/2019\/11\/chile02-300x225.jpeg 300w, https:\/\/www.santaritadopassaquatro.sp.gov.br\/portal\/wp-content\/uploads\/2019\/11\/chile02-768x576.jpeg 768w, https:\/\/www.santaritadopassaquatro.sp.gov.br\/portal\/wp-content\/uploads\/2019\/11\/chile02-1024x768.jpeg 1024w, https:\/\/www.santaritadopassaquatro.sp.gov.br\/portal\/wp-content\/uploads\/2019\/11\/chile02.jpeg 1280w\" sizes=\"(max-width: 300px) 100vw, 300px\" \/><figcaption id=\"caption-attachment-2801\" class=\"wp-caption-text\"><span style=\"font-size: 8pt;\"><em>Prefeito de Santa Rita e presidente da Aprecesp em reuni\u00e3o com representantes da Secretaria de Turismo e da empresa AWT\/ Sky Airline (Divulga\u00e7\u00e3o)<\/em><\/span><\/figcaption><\/figure>\n<p>O assunto foi a futura parceria com o AWT\/Sky Airline, com objetivo de atrair turistas chilenos para as est\u00e2ncias e MITs (munic\u00edpios de interesse tur\u00edsticos) paulistas, no interior e litoral. De acordo com a AWT, entre no s \u00faltimo anos, a empresa transportou quase 500 mil turistas do Chile para S\u00e3o Paulo, em cerca de 31 mil voos. Por\u00e9m, a capacidade \u00e9 de praticamente dobrar esse n\u00famero, j\u00e1 que foram oferecidos quase 900 mil assentos em suas aeronaves. Ainda de acordo com os n\u00fameros da companhia, os chilenos passam em m\u00e9dia aproximadamente 10 noites no Brasil e gastam cerca de 83,6 d\u00f3lares por noite e 769,4 d\u00f3lares com estadia.<\/p>\n<p>\u201cN\u00f3s da Aprecesp estamos intermediando a participa\u00e7\u00e3o das est\u00e2ncias e MITs, bem como a parceira da Secretaria de Turismo de SP, neste projeto que sem d\u00favida ir\u00e1 gerar muitos frutos para todos, com o crescimento do Turismo no Estado e cria\u00e7\u00e3o de novos empregos para a nossa popula\u00e7\u00e3o\u201d, disse o prefeito.<\/p>\n<p>&nbsp;<\/p>\n<p><strong>SECRET\u00c1RIO TURISMO<\/strong><\/p>\n<p>Nesta quinta-feira (31\/10), ainda em S\u00e3o Paulo, o prefeito esteve reunido o secret\u00e1rio de Turismo do Estado de S\u00e3o Paulo, Vinicius Lummerts. Tamb\u00e9m com a presen\u00e7a do prefeito de Campos do Jord\u00e3o, Fred Guidoni, a reuni\u00e3o tratou de diferentes a\u00e7\u00f5es de fomento tur\u00edstico para as Est\u00e2ncias Tur\u00edsticas, dentre elas, a chamada \u201crota c\u00eanica\u201d, uma campanha voltada para o turismo interno no Estado, al\u00e9m da conectividade a\u00e9rea, nas proximidades de cidades com aeroporto, como S\u00e3o Carlos, por exemplo.<\/p>\n<p>Outros assuntos tratados foram as parcerias entre o setor p\u00fablico e a iniciativa privada, por exemplo com empresas de hotelaria; turismo da terceira idade e turismo fora de \u00e9poca.<\/p>\n<p>&nbsp;<\/p>\n<p>&nbsp;<\/p>\n<p>&nbsp;<\/p>\n","protected":false},"excerpt":{"rendered":"<p>Secretaria de Estado de Turismo, Associa\u00e7\u00e3o das Est\u00e2ncias e de empresa privada est\u00e3o trabalhando juntos para o fomento do turismo<\/p>\n","protected":false},"author":1,"featured_media":2801,"comment_status":"closed","ping_status":"open","sticky":false,"template":"","format":"standard","meta":{"footnotes":""},"categories":[52,57,60],"tags":[],"class_list":["post-2800","post","type-post","status-publish","format-standard","has-post-thumbnail","hentry","category-latest","category-politics","category-turismo"],"_links":{"self":[{"href":"https:\/\/www.santaritadopassaquatro.sp.gov.br\/portal\/wp-json\/wp\/v2\/posts\/2800","targetHints":{"allow":["GET"]}}],"collection":[{"href":"https:\/\/www.santaritadopassaquatro.sp.gov.br\/portal\/wp-json\/wp\/v2\/posts"}],"about":[{"href":"https:\/\/www.santaritadopassaquatro.sp.gov.br\/portal\/wp-json\/wp\/v2\/types\/post"}],"author":[{"embeddable":true,"href":"https:\/\/www.santaritadopassaquatro.sp.gov.br\/portal\/wp-json\/wp\/v2\/users\/1"}],"replies":[{"embeddable":true,"href":"https:\/\/www.santaritadopassaquatro.sp.gov.br\/portal\/wp-json\/wp\/v2\/comments?post=2800"}],"version-history":[{"count":0,"href":"https:\/\/www.santaritadopassaquatro.sp.gov.br\/portal\/wp-json\/wp\/v2\/posts\/2800\/revisions"}],"wp:featuredmedia":[{"embeddable":true,"href":"https:\/\/www.santaritadopassaquatro.sp.gov.br\/portal\/wp-json\/wp\/v2\/media\/2801"}],"wp:attachment":[{"href":"https:\/\/www.santaritadopassaquatro.sp.gov.br\/portal\/wp-json\/wp\/v2\/media?parent=2800"}],"wp:term":[{"taxonomy":"category","embeddable":true,"href":"https:\/\/www.santaritadopassaquatro.sp.gov.br\/portal\/wp-json\/wp\/v2\/categories?post=2800"},{"taxonomy":"post_tag","embeddable":true,"href":"https:\/\/www.santaritadopassaquatro.sp.gov.br\/portal\/wp-json\/wp\/v2\/tags?post=2800"}],"curies":[{"name":"wp","href":"https:\/\/api.w.org\/{rel}","templated":true}]}}