{"id":2804,"date":"2019-11-04T12:08:30","date_gmt":"2019-11-04T14:08:30","guid":{"rendered":"http:\/\/www.santaritadopassaquatro.sp.gov.br\/portal\/?p=2804"},"modified":"2019-11-04T12:09:07","modified_gmt":"2019-11-04T14:09:07","slug":"alimentacao-escolar","status":"publish","type":"post","link":"https:\/\/www.santaritadopassaquatro.sp.gov.br\/portal\/alimentacao-escolar\/","title":{"rendered":"CARD\u00c1PIO NOVEMBRO 2019"},"content":{"rendered":"<p>(EMEI, ENSINO FUNDAMENTAL E ENSINO M\u00c9DIO)<\/p>\n<p>&nbsp;<\/p>\n<p><strong>Segunda-feira &#8211; 4 de novembro:<br \/>\n<\/strong>Risoto de salsicha e feij\u00e3o.<\/p>\n<p><strong>Ter\u00e7a-feira &#8211; 5 de novembro:<\/strong><\/p>\n<p>Arroz, feij\u00e3o e salada de legumes.<\/p>\n<p><strong>Quarta-feira &#8211; 6 de novembro:<br \/>\n<\/strong>Arroz, feij\u00e3o e salsicha ao molho vermelho.<\/p>\n<p><strong>Quinta-feira &#8211; 7 de novembro:<\/strong><\/p>\n<p>Arroz, feij\u00e3o e strogonoff de frango.<\/p>\n<p><strong>Sexta-feira &#8211; 8 de novembro:<\/strong><\/p>\n<p>Macarr\u00e3o ao molho de lingui\u00e7a calabresa.<\/p>\n<p><strong>\u00a0<\/strong><\/p>\n<p><strong>Segunda-feira \u2013 11 de novembro:<br \/>\n<\/strong>Arroz, feij\u00e3o e farofa primavera.<\/p>\n<p><strong>Ter\u00e7a-feira \u2013 12 de novembro:<\/strong><\/p>\n<p>Arroz, feij\u00e3o e pernil com mandioca.<\/p>\n<p><strong>Quarta-feira \u2013 13 de novembro:<br \/>\n<\/strong>Arroz, feij\u00e3o e polenta ao molho de lingui\u00e7a calabresa.<\/p>\n<p><strong>Quinta-feira \u2013 14 de novembro:<\/strong><\/p>\n<p>Macarr\u00e3o ao molho de carne em tiras.<\/p>\n<p><strong>Sexta-feira \u2013 15 de novembro:<\/strong><\/p>\n<p>Feriado.<\/p>\n<p>&nbsp;<\/p>\n<p><strong>Segunda-feira &#8211; 18 de novembro:<br \/>\n<\/strong>Arroz de forno, feij\u00e3o e ovos de codorna.<\/p>\n<p><strong>Ter\u00e7a-feira &#8211; 19 de novembro:<\/strong><\/p>\n<p>Arroz, feij\u00e3o e carne em cubos com batata.<\/p>\n<p><strong>Quarta-feira &#8211; 20 de novembro:<br \/>\n<\/strong>Arroz, feij\u00e3o e polenta ao molho de frango desfiado.<\/p>\n<p><strong>Quinta-feira &#8211; 21 de novembro:<\/strong><\/p>\n<p>Arroz, feij\u00e3o e carne mo\u00edda com tomate.<\/p>\n<p><strong>Sexta-feira &#8211; 22 de novembro:<\/strong><\/p>\n<p>Macarr\u00e3o ao molho de lingui\u00e7a toscana.<\/p>\n<p>&nbsp;<\/p>\n<p><strong>Segunda-feira &#8211; 25 de novembro:<br \/>\n<\/strong>Arroz, feij\u00e3o e strogonoff de carne.<\/p>\n<p><strong>Ter\u00e7a-feira &#8211; 26 de novembro:<br \/>\n<\/strong>Arroz, feij\u00e3o e polenta ao molho de salsicha.<\/p>\n<p><strong>Quarta-feira &#8211; 27 de novembro:<br \/>\n<\/strong>Arroz, feij\u00e3o e carne em tiras com mandioca.<\/p>\n<p><strong>Quinta-feira &#8211; 28 de novembro:<br \/>\n<\/strong>Arroz, feijoada (pernil, carne e lingui\u00e7a).<\/p>\n<p><strong>Sexta-feira &#8211; 29 de novembro:<br \/>\n<\/strong>Macarr\u00e3o ao molho de atum.<\/p>\n<p><strong>\u00a0<\/strong><\/p>\n<p>&nbsp;<\/p>\n<p><strong>1\u00aa semana:<\/strong> folha, alface; legume, pepino; fruta, manga e uva thompson (munic\u00edpio) e ma\u00e7\u00e3 nacional e uva thompson (estado).<\/p>\n<p><strong>2\u00aa semana:<\/strong> folha, alface; fruta, mel\u00e3o e p\u00eassego (munic\u00edpio) e banana nanica e p\u00eassego (estado)<\/p>\n<p><strong>3\u00aa semana:<\/strong> folha, alface; legume, br\u00f3colis (munic\u00edpio) e pepino (estado); fruta, ma\u00e7\u00e3 nacional e banana prata.<\/p>\n<p><strong>4\u00aa semana:<\/strong> folha, alface; legume, tomate; fruta, abacaxi e ma\u00e7\u00e3 argentina (munic\u00edpio) pera e ma\u00e7\u00e3 argentina (estado).<\/p>\n<p>&nbsp;<\/p>\n<p><strong>Observa\u00e7\u00e3o: <\/strong><em>card\u00e1pio sujeito a altera\u00e7\u00f5es caso necess\u00e1rio\u00a0\u00a0\u00a0\u00a0\u00a0\u00a0\u00a0\u00a0\u00a0 .\u00a0\u00a0\u00a0\u00a0\u00a0\u00a0\u00a0\u00a0\u00a0\u00a0\u00a0\u00a0\u00a0\u00a0\u00a0\u00a0\u00a0\u00a0\u00a0\u00a0\u00a0\u00a0 <\/em><\/p>\n<p><strong>Nutricionista respons\u00e1vel t\u00e9cnica: <em>S\u00edlvia Regina Lorencetti (CRN 33915)<\/em>\u00a0\u00a0\u00a0\u00a0\u00a0\u00a0\u00a0\u00a0\u00a0\u00a0\u00a0\u00a0\u00a0\u00a0\u00a0\u00a0\u00a0\u00a0\u00a0\u00a0\u00a0\u00a0\u00a0\u00a0\u00a0\u00a0\u00a0\u00a0\u00a0\u00a0\u00a0\u00a0\u00a0 <\/strong><\/p>\n<p><strong>\u00a0<\/strong><\/p>\n<p>&nbsp;<\/p>\n<p>&nbsp;<\/p>\n","protected":false},"excerpt":{"rendered":"<p>(EMEI, ENSINO FUNDAMENTAL E ENSINO M\u00c9DIO) &nbsp; Segunda-feira &#8211; 4 de novembro: Risoto de salsicha e feij\u00e3o. Ter\u00e7a-feira &#8211; 5<\/p>\n","protected":false},"author":1,"featured_media":816,"comment_status":"closed","ping_status":"open","sticky":false,"template":"","format":"standard","meta":{"footnotes":""},"categories":[32],"tags":[],"class_list":["post-2804","post","type-post","status-publish","format-standard","has-post-thumbnail","hentry","category-merenda-escolar"],"_links":{"self":[{"href":"https:\/\/www.santaritadopassaquatro.sp.gov.br\/portal\/wp-json\/wp\/v2\/posts\/2804","targetHints":{"allow":["GET"]}}],"collection":[{"href":"https:\/\/www.santaritadopassaquatro.sp.gov.br\/portal\/wp-json\/wp\/v2\/posts"}],"about":[{"href":"https:\/\/www.santaritadopassaquatro.sp.gov.br\/portal\/wp-json\/wp\/v2\/types\/post"}],"author":[{"embeddable":true,"href":"https:\/\/www.santaritadopassaquatro.sp.gov.br\/portal\/wp-json\/wp\/v2\/users\/1"}],"replies":[{"embeddable":true,"href":"https:\/\/www.santaritadopassaquatro.sp.gov.br\/portal\/wp-json\/wp\/v2\/comments?post=2804"}],"version-history":[{"count":2,"href":"https:\/\/www.santaritadopassaquatro.sp.gov.br\/portal\/wp-json\/wp\/v2\/posts\/2804\/revisions"}],"predecessor-version":[{"id":2806,"href":"https:\/\/www.santaritadopassaquatro.sp.gov.br\/portal\/wp-json\/wp\/v2\/posts\/2804\/revisions\/2806"}],"wp:featuredmedia":[{"embeddable":true,"href":"https:\/\/www.santaritadopassaquatro.sp.gov.br\/portal\/wp-json\/wp\/v2\/media\/816"}],"wp:attachment":[{"href":"https:\/\/www.santaritadopassaquatro.sp.gov.br\/portal\/wp-json\/wp\/v2\/media?parent=2804"}],"wp:term":[{"taxonomy":"category","embeddable":true,"href":"https:\/\/www.santaritadopassaquatro.sp.gov.br\/portal\/wp-json\/wp\/v2\/categories?post=2804"},{"taxonomy":"post_tag","embeddable":true,"href":"https:\/\/www.santaritadopassaquatro.sp.gov.br\/portal\/wp-json\/wp\/v2\/tags?post=2804"}],"curies":[{"name":"wp","href":"https:\/\/api.w.org\/{rel}","templated":true}]}}