{"id":2810,"date":"2019-11-08T15:31:49","date_gmt":"2019-11-08T17:31:49","guid":{"rendered":"http:\/\/www.santaritadopassaquatro.sp.gov.br\/portal\/?p=2810"},"modified":"2019-11-08T15:31:49","modified_gmt":"2019-11-08T17:31:49","slug":"biblioteca-recebe-mostra-individual-de-gui-torisan","status":"publish","type":"post","link":"https:\/\/www.santaritadopassaquatro.sp.gov.br\/portal\/biblioteca-recebe-mostra-individual-de-gui-torisan\/","title":{"rendered":"Biblioteca recebe mostra individual de Gui Torisan"},"content":{"rendered":"<p><strong><em>\u201cSolo\u201d \u00e9 o t\u00edtulo da exposi\u00e7\u00e3o j\u00e1 realizada em Porto Alegra que agora re\u00fane trabalho antigos e atuais do artista santa-ritense<\/em><\/strong><\/p>\n<p>&nbsp;<\/p>\n<p>A Biblioteca P\u00fablica Municipal Dr. Evandro Mesquita, de Santa Rita do Passa Quatro, est\u00e1 apresentando a exposi\u00e7\u00e3o de artes \u201cSolo\u201d, uma mostra individual do artista santa-ritense Gui Torisan.<\/p>\n<p>A mostra traz um resumo e a sequ\u00eancia da primeira exposi\u00e7\u00e3o individual do artista, que aconteceu em 2018, em Porto Alegre (RS), com a soma de alguns trabalhos mais antigos e tamb\u00e9m outros mais recentes.<\/p>\n<p>A reuni\u00e3o das pinturas aborda tanto as linguagens mais urbanas entre <em>graffitis<\/em> e tatuagens, at\u00e9 pinturas e estudos a \u00f3leo, de est\u00e9ticas mais cl\u00e1ssicas, em formas bastante experimentais e autorais.<\/p>\n<p>A exposi\u00e7\u00e3o fica a mostra na Biblioteca Municipal de Santa Rita do Passa Quatro (Centro Cultural M\u00e1rio Covas), no per\u00edodo de 5 de novembro a 15 de dezembro de 2019. Aberta \u00e0 visita\u00e7\u00e3o das 9h \u00e0s 17 horas, de segunda a sexta-feira.<\/p>\n<p>&nbsp;<\/p>\n<p><strong>SERVI\u00c7O<br \/>\nEXPOSI\u00c7\u00c3O \u201cSOLO\u201d \u2013 MOSTRA INDIVUDUAL DE GUI TORISAN<br \/>\nQUANDO: <\/strong>de 5 de novembro a 15 de dezembro de 2019<br \/>\n<strong>HOR\u00c1RIO: <\/strong>das 9h \u00e0s 17 horas, de segunda a sexta-feira.<br \/>\n<strong>LOCAL: <\/strong>Biblioteca Municipal Dr. Evandro Mesquita (Centro Cultural M\u00e1rio Covas).<br \/>\n<strong>ENTRADA GRATUITA<\/p>\n<p><\/strong><\/p>\n","protected":false},"excerpt":{"rendered":"<p>\u201cSolo\u201d \u00e9 o t\u00edtulo da exposi\u00e7\u00e3o j\u00e1 realizada em Porto Alegra que agora re\u00fane trabalho antigos e atuais do artista<\/p>\n","protected":false},"author":1,"featured_media":2811,"comment_status":"closed","ping_status":"open","sticky":false,"template":"","format":"standard","meta":{"footnotes":""},"categories":[46],"tags":[],"class_list":["post-2810","post","type-post","status-publish","format-standard","has-post-thumbnail","hentry","category-cultura"],"_links":{"self":[{"href":"https:\/\/www.santaritadopassaquatro.sp.gov.br\/portal\/wp-json\/wp\/v2\/posts\/2810","targetHints":{"allow":["GET"]}}],"collection":[{"href":"https:\/\/www.santaritadopassaquatro.sp.gov.br\/portal\/wp-json\/wp\/v2\/posts"}],"about":[{"href":"https:\/\/www.santaritadopassaquatro.sp.gov.br\/portal\/wp-json\/wp\/v2\/types\/post"}],"author":[{"embeddable":true,"href":"https:\/\/www.santaritadopassaquatro.sp.gov.br\/portal\/wp-json\/wp\/v2\/users\/1"}],"replies":[{"embeddable":true,"href":"https:\/\/www.santaritadopassaquatro.sp.gov.br\/portal\/wp-json\/wp\/v2\/comments?post=2810"}],"version-history":[{"count":0,"href":"https:\/\/www.santaritadopassaquatro.sp.gov.br\/portal\/wp-json\/wp\/v2\/posts\/2810\/revisions"}],"wp:featuredmedia":[{"embeddable":true,"href":"https:\/\/www.santaritadopassaquatro.sp.gov.br\/portal\/wp-json\/wp\/v2\/media\/2811"}],"wp:attachment":[{"href":"https:\/\/www.santaritadopassaquatro.sp.gov.br\/portal\/wp-json\/wp\/v2\/media?parent=2810"}],"wp:term":[{"taxonomy":"category","embeddable":true,"href":"https:\/\/www.santaritadopassaquatro.sp.gov.br\/portal\/wp-json\/wp\/v2\/categories?post=2810"},{"taxonomy":"post_tag","embeddable":true,"href":"https:\/\/www.santaritadopassaquatro.sp.gov.br\/portal\/wp-json\/wp\/v2\/tags?post=2810"}],"curies":[{"name":"wp","href":"https:\/\/api.w.org\/{rel}","templated":true}]}}