{"id":2819,"date":"2019-11-08T15:35:39","date_gmt":"2019-11-08T17:35:39","guid":{"rendered":"http:\/\/www.santaritadopassaquatro.sp.gov.br\/portal\/?p=2819"},"modified":"2019-11-08T15:35:39","modified_gmt":"2019-11-08T17:35:39","slug":"semana-do-musico-e-natal-iluminado-ja-tem-datas-definidas","status":"publish","type":"post","link":"https:\/\/www.santaritadopassaquatro.sp.gov.br\/portal\/semana-do-musico-e-natal-iluminado-ja-tem-datas-definidas\/","title":{"rendered":"Semana do Musico e Natal Iluminado j\u00e1 t\u00eam datas definidas"},"content":{"rendered":"<p><strong><em>Atra\u00e7\u00f5es acontecem no final de novembro a dezembro encerrando o calend\u00e1rio de eventos de 2019<\/em><\/strong><\/p>\n<p><strong><em>\u00a0<\/em><\/strong><\/p>\n<figure id=\"attachment_2821\" aria-describedby=\"caption-attachment-2821\" style=\"width: 300px\" class=\"wp-caption alignleft\"><img decoding=\"async\" class=\"wp-image-2821 size-medium\" src=\"http:\/\/www.santaritadopassaquatro.sp.gov.br\/portal\/wp-content\/uploads\/2019\/11\/semana_musico_medalha-300x225.jpg\" alt=\"\" width=\"300\" height=\"225\" srcset=\"https:\/\/www.santaritadopassaquatro.sp.gov.br\/portal\/wp-content\/uploads\/2019\/11\/semana_musico_medalha-300x225.jpg 300w, https:\/\/www.santaritadopassaquatro.sp.gov.br\/portal\/wp-content\/uploads\/2019\/11\/semana_musico_medalha.jpg 533w\" sizes=\"(max-width: 300px) 100vw, 300px\" \/><figcaption id=\"caption-attachment-2821\" class=\"wp-caption-text\"><span style=\"font-size: 8pt; color: #808080;\"><em><strong>A medalha Professor Octavio Bueno de Camargo entregue anualmente para homenagear que contribuem com a arte e a cultura local (AssCom\/Arquivo\/Divulga\u00e7\u00e3o)<\/strong><\/em><\/span><\/figcaption><\/figure>\n<p>O Departamento de Cultura e Turismo da Prefeitura Municipal de Santa Rita do Passa Quatro j\u00e1 est\u00e1 preparando as \u00faltimas atra\u00e7\u00f5es do calend\u00e1rio de eventos culturais de 2019.<\/p>\n<p>A Semana do M\u00fasico a Medalha Professor Octavio Bueno de Camargo chega a sua 7\u00aa edi\u00e7\u00e3o, nos dias 28, 29 e 30 de novembro, com apresenta\u00e7\u00f5es musicais e homenagens, em comemora\u00e7\u00e3o ao Dia do M\u00fasico, data lembrada anualmente no dia 22 de novembro.<\/p>\n<p>Todo ano, a medalha \u00e9 entregue em homenagem \u00e0s pessoas que contribu\u00edram com a arte e a cultura local, especialmente no setor musical. A programa\u00e7\u00e3o com as apresenta\u00e7\u00f5es e homenageados est\u00e1 sendo preparada para ser divulgada.<\/p>\n<p>Outro evento que encerra o calend\u00e1rio do ano \u00e9 o Natal Iluminado 2019, que acontece de 6 a 23 de dezembro, com atra\u00e7\u00f5es todas as noites na Pra\u00e7a do Ros\u00e1rio. Na abertura, com tradicionalmente acontece, haver\u00e1 a chegada do Papai Noel.\u00a0 As atra\u00e7\u00f5es do evento j\u00e1 est\u00e3o sendo definidas pelo Setor Municipal de Turismo, que est\u00e1 preparando algumas novidades para este ano.<\/p>\n<p>O Natal Iluminado tem como objetivo promover cultura e lazer \u00e0 popula\u00e7\u00e3o, al\u00e9m de incentivar o turismo e com\u00e9rcio durante o per\u00edodo das festas. Anualmente, o evento re\u00fane atividades culturais e de lazer na Pra\u00e7a do Ros\u00e1rio, nas festividades que antecedem o Natal. A programa\u00e7\u00e3o dever\u00e1 contar com duas apresenta\u00e7\u00f5es por noite.<\/p>\n<p><strong>\u00a0<\/strong><\/p>\n<p><em>\u00a0<\/em><\/p>\n<p>&nbsp;<\/p>\n","protected":false},"excerpt":{"rendered":"<p>Atra\u00e7\u00f5es acontecem no final de novembro a dezembro encerrando o calend\u00e1rio de eventos de 2019 \u00a0 O Departamento de Cultura<\/p>\n","protected":false},"author":1,"featured_media":2820,"comment_status":"closed","ping_status":"open","sticky":false,"template":"","format":"standard","meta":{"footnotes":""},"categories":[46,60],"tags":[],"class_list":["post-2819","post","type-post","status-publish","format-standard","has-post-thumbnail","hentry","category-cultura","category-turismo"],"_links":{"self":[{"href":"https:\/\/www.santaritadopassaquatro.sp.gov.br\/portal\/wp-json\/wp\/v2\/posts\/2819","targetHints":{"allow":["GET"]}}],"collection":[{"href":"https:\/\/www.santaritadopassaquatro.sp.gov.br\/portal\/wp-json\/wp\/v2\/posts"}],"about":[{"href":"https:\/\/www.santaritadopassaquatro.sp.gov.br\/portal\/wp-json\/wp\/v2\/types\/post"}],"author":[{"embeddable":true,"href":"https:\/\/www.santaritadopassaquatro.sp.gov.br\/portal\/wp-json\/wp\/v2\/users\/1"}],"replies":[{"embeddable":true,"href":"https:\/\/www.santaritadopassaquatro.sp.gov.br\/portal\/wp-json\/wp\/v2\/comments?post=2819"}],"version-history":[{"count":0,"href":"https:\/\/www.santaritadopassaquatro.sp.gov.br\/portal\/wp-json\/wp\/v2\/posts\/2819\/revisions"}],"wp:featuredmedia":[{"embeddable":true,"href":"https:\/\/www.santaritadopassaquatro.sp.gov.br\/portal\/wp-json\/wp\/v2\/media\/2820"}],"wp:attachment":[{"href":"https:\/\/www.santaritadopassaquatro.sp.gov.br\/portal\/wp-json\/wp\/v2\/media?parent=2819"}],"wp:term":[{"taxonomy":"category","embeddable":true,"href":"https:\/\/www.santaritadopassaquatro.sp.gov.br\/portal\/wp-json\/wp\/v2\/categories?post=2819"},{"taxonomy":"post_tag","embeddable":true,"href":"https:\/\/www.santaritadopassaquatro.sp.gov.br\/portal\/wp-json\/wp\/v2\/tags?post=2819"}],"curies":[{"name":"wp","href":"https:\/\/api.w.org\/{rel}","templated":true}]}}