{"id":2823,"date":"2019-11-08T15:37:16","date_gmt":"2019-11-08T17:37:16","guid":{"rendered":"http:\/\/www.santaritadopassaquatro.sp.gov.br\/portal\/?p=2823"},"modified":"2019-11-08T15:37:16","modified_gmt":"2019-11-08T17:37:16","slug":"aniversario-do-parque-vassununga-tem-inauguracao-na-gleba-pe-de-gigante","status":"publish","type":"post","link":"https:\/\/www.santaritadopassaquatro.sp.gov.br\/portal\/aniversario-do-parque-vassununga-tem-inauguracao-na-gleba-pe-de-gigante\/","title":{"rendered":"Anivers\u00e1rio do Parque Vassununga tem inaugura\u00e7\u00e3o na gleba P\u00e9 de Gigante"},"content":{"rendered":"<p><strong><em>Dia 26 de outubro o PEV comemorou 49 anos de conserva\u00e7\u00e3o da biodiversidade; observa\u00e7\u00e3o de p\u00e1ssaros faz parte da programa\u00e7\u00e3o do fim de semana<\/em><\/strong><\/p>\n<p><strong><em>\u00a0<\/em><\/strong><\/p>\n<p><img decoding=\"async\" class=\"alignnone size-medium wp-image-2752 alignleft\" src=\"http:\/\/www.santaritadopassaquatro.sp.gov.br\/portal\/wp-content\/uploads\/2019\/10\/PEV_jequitiba_aerea-300x169.jpg\" alt=\"\" width=\"300\" height=\"169\" srcset=\"https:\/\/www.santaritadopassaquatro.sp.gov.br\/portal\/wp-content\/uploads\/2019\/10\/PEV_jequitiba_aerea-300x169.jpg 300w, https:\/\/www.santaritadopassaquatro.sp.gov.br\/portal\/wp-content\/uploads\/2019\/10\/PEV_jequitiba_aerea-768x432.jpg 768w, https:\/\/www.santaritadopassaquatro.sp.gov.br\/portal\/wp-content\/uploads\/2019\/10\/PEV_jequitiba_aerea-1024x576.jpg 1024w\" sizes=\"(max-width: 300px) 100vw, 300px\" \/>Observa\u00e7\u00e3o de aves na Gleba P\u00e9 de Gigante \u201cVem Passarinhar\u201d \u00e9 a programa\u00e7\u00e3o deste fim de semana nas comemora\u00e7\u00f5es do anivers\u00e1rio do Parque Estadual Vassununga, em Santa Rita do Passa Quatro. O evento promovido em conjunto com o Grupo de Observadores de Aves de Araraquara (Goama), ir\u00e1 contar tamb\u00e9m com a inaugura\u00e7\u00e3o da plataforma elevada na trilha do mirante. A programa\u00e7\u00e3o acontece neste s\u00e1bado (9\/11), a partir das \u00e0s 6h30, com Recep\u00e7\u00e3o no Centro de Visitantes do parque, que fica as margens da Rodovia Anhanguera (Km 245, sentido interior), com limite de participantes de 40 pessoas.<\/p>\n<p>De acordo com a Funda\u00e7\u00e3o Florestal, entidade respons\u00e1vel pelo parque, na Unidade de Conserva\u00e7\u00e3o \u00e9 poss\u00edvel observar cerca de 260 esp\u00e9cies de aves, de esp\u00e9cies com diferentes comportamentos, tais como as que utilizam apenas o ambiente terrestre, como inhambus, perdizes, jacus e bacuraus; as esp\u00e9cies de sub-bosque, como os arapa\u00e7us e esp\u00e9cies de dossel, como o surucu\u00e1-de-peito-azul. Os participantes ainda poder\u00e3o observar esp\u00e9cies que utilizam o ambiente aqu\u00e1tico, por exemplo, a biguatinga, o p\u00e9-vermelho e o pato-do- mato.<\/p>\n<p>No total, 11 esp\u00e9cies registradas no parque s\u00e3o consideradas amea\u00e7adas de extin\u00e7\u00e3o para o Estado de S\u00e3o Paulo e nove s\u00e3o tidas como quase amea\u00e7adas. Destacam-se o urubu-rei, pela raridade e grau de amea\u00e7a de extin\u00e7\u00e3o, o maracan\u00e3-nobre, azul\u00e3o-verdadeiro e o gavi\u00e3o-belo.<\/p>\n<p>&nbsp;<\/p>\n<p><strong>O PARQUE<\/strong><\/p>\n<p>Criado por decreto no dia 26 de outubro de 1970, o Parque Estadual Vassununga completou 49 anos de conserva\u00e7\u00e3o da biodiversidade. Para comemorar a data, a dire\u00e7\u00e3o do parque est\u00e1 promovendo uma s\u00e9rie de atividades, destinadas a crian\u00e7as e adultos.<\/p>\n<p>A programa\u00e7\u00e3o come\u00e7ou no \u00faltimo dia 25 de outubro, sexta-feira, e j\u00e1 foram realizadas as atividades Passarinhada Pok\u00e9mon para crian\u00e7as (25\/10), passeio cicl\u00edstico \u201cNa Terra dos Gigantes\u201d (27\/10), projeto Cine Legalis, com apresenta\u00e7\u00e3o do filme \u201cO Poema Imperfeito\u201d (2018) e debate sobre o tema, no audit\u00f3rio do CAIC Laura Suriani Barbuio (30\/10), e o <em>workshop<\/em> \u201cIniciando na Meliponicultura\u201d, sobre cultura e manejo de abelhas nativas sem ferr\u00e3o (2\/11).<\/p>\n<p>A organiza\u00e7\u00e3o \u00e9 do PEV Vassununga, com apoio da Prefeitura Municipal e iniciativa privada.<\/p>\n<p>&nbsp;<\/p>\n<p><strong>CONFIRA PROGRAMA\u00c7\u00c3O: <\/strong><\/p>\n<p><strong>09\/11 \u2013 s\u00e1bado, \u00e0s 6h30 \u2013<\/strong> <strong>Vem Passarinhar no PE Vassununga<\/strong> &#8211; com o GOAMA (Grupo de Observadores de Aves de Araraquara) e inaugura\u00e7\u00e3o da Plataforma elevada na trilha do mirante da gleba P\u00e9 de Gigante.<br \/>\n<strong>Local:<\/strong> Recep\u00e7\u00e3o no Centro de Visitantes do PE Vassununga e observa\u00e7\u00e3o de aves na Gleba P\u00e9 de Gigante.<br \/>\n<strong>Limite de participantes:<\/strong> 40 pessoas.<\/p>\n<p><strong>Parceiros: \u00a0<\/strong>GOAMA (Grupo de Observadores de Aves de Araraquara), Alarcom Sistemas de Seguran\u00e7a, Santa Rita Outdoor, Supermercados S\u00e3o Sebasti\u00e3o e Prefeitura da Est\u00e2ncia Clim\u00e1tica de Santa Rita do Passa Quatro.<\/p>\n<p>&nbsp;<\/p>\n<p><strong>FOTO:<\/strong> <em>Vista \u00e1rea do PEV Vassununga que em 2019 completou 49 anos de funda\u00e7\u00e3o (Arquivo\/Divulga\u00e7\u00e3o)<\/em><\/p>\n","protected":false},"excerpt":{"rendered":"<p>Dia 26 de outubro o PEV comemorou 49 anos de conserva\u00e7\u00e3o da biodiversidade; observa\u00e7\u00e3o de p\u00e1ssaros faz parte da programa\u00e7\u00e3o<\/p>\n","protected":false},"author":1,"featured_media":2604,"comment_status":"closed","ping_status":"open","sticky":false,"template":"","format":"standard","meta":{"footnotes":""},"categories":[53,60],"tags":[],"class_list":["post-2823","post","type-post","status-publish","format-standard","has-post-thumbnail","hentry","category-meio-ambiente","category-turismo"],"_links":{"self":[{"href":"https:\/\/www.santaritadopassaquatro.sp.gov.br\/portal\/wp-json\/wp\/v2\/posts\/2823","targetHints":{"allow":["GET"]}}],"collection":[{"href":"https:\/\/www.santaritadopassaquatro.sp.gov.br\/portal\/wp-json\/wp\/v2\/posts"}],"about":[{"href":"https:\/\/www.santaritadopassaquatro.sp.gov.br\/portal\/wp-json\/wp\/v2\/types\/post"}],"author":[{"embeddable":true,"href":"https:\/\/www.santaritadopassaquatro.sp.gov.br\/portal\/wp-json\/wp\/v2\/users\/1"}],"replies":[{"embeddable":true,"href":"https:\/\/www.santaritadopassaquatro.sp.gov.br\/portal\/wp-json\/wp\/v2\/comments?post=2823"}],"version-history":[{"count":0,"href":"https:\/\/www.santaritadopassaquatro.sp.gov.br\/portal\/wp-json\/wp\/v2\/posts\/2823\/revisions"}],"wp:featuredmedia":[{"embeddable":true,"href":"https:\/\/www.santaritadopassaquatro.sp.gov.br\/portal\/wp-json\/wp\/v2\/media\/2604"}],"wp:attachment":[{"href":"https:\/\/www.santaritadopassaquatro.sp.gov.br\/portal\/wp-json\/wp\/v2\/media?parent=2823"}],"wp:term":[{"taxonomy":"category","embeddable":true,"href":"https:\/\/www.santaritadopassaquatro.sp.gov.br\/portal\/wp-json\/wp\/v2\/categories?post=2823"},{"taxonomy":"post_tag","embeddable":true,"href":"https:\/\/www.santaritadopassaquatro.sp.gov.br\/portal\/wp-json\/wp\/v2\/tags?post=2823"}],"curies":[{"name":"wp","href":"https:\/\/api.w.org\/{rel}","templated":true}]}}