{"id":2825,"date":"2019-11-08T15:38:09","date_gmt":"2019-11-08T17:38:09","guid":{"rendered":"http:\/\/www.santaritadopassaquatro.sp.gov.br\/portal\/?p=2825"},"modified":"2019-11-08T15:38:09","modified_gmt":"2019-11-08T17:38:09","slug":"domingo-tem-programa-estancia-sertaneja-no-pavilhao-cultural","status":"publish","type":"post","link":"https:\/\/www.santaritadopassaquatro.sp.gov.br\/portal\/domingo-tem-programa-estancia-sertaneja-no-pavilhao-cultural\/","title":{"rendered":"Domingo tem Programa Est\u00e2ncia Sertaneja no Pavilh\u00e3o Cultural"},"content":{"rendered":"<p><strong><em>Evento, com apoio do Departamento de Cultura e Turismo, re\u00fane cinco atra\u00e7\u00f5es da m\u00fasica de raiz <\/em><\/strong><strong><em>a partir das 10 horas, com entrada gratuita<\/em><\/strong><\/p>\n<p>&nbsp;<\/p>\n<p><img decoding=\"async\" class=\"alignnone size-medium wp-image-2790 alignleft\" src=\"http:\/\/www.santaritadopassaquatro.sp.gov.br\/portal\/wp-content\/uploads\/2019\/11\/WhatsApp-Image-2019-10-31-at-08.54.21-300x200.jpeg\" alt=\"\" width=\"300\" height=\"200\" srcset=\"https:\/\/www.santaritadopassaquatro.sp.gov.br\/portal\/wp-content\/uploads\/2019\/11\/WhatsApp-Image-2019-10-31-at-08.54.21-300x200.jpeg 300w, https:\/\/www.santaritadopassaquatro.sp.gov.br\/portal\/wp-content\/uploads\/2019\/11\/WhatsApp-Image-2019-10-31-at-08.54.21-768x512.jpeg 768w, https:\/\/www.santaritadopassaquatro.sp.gov.br\/portal\/wp-content\/uploads\/2019\/11\/WhatsApp-Image-2019-10-31-at-08.54.21-1024x682.jpeg 1024w, https:\/\/www.santaritadopassaquatro.sp.gov.br\/portal\/wp-content\/uploads\/2019\/11\/WhatsApp-Image-2019-10-31-at-08.54.21.jpeg 1280w\" sizes=\"(max-width: 300px) 100vw, 300px\" \/>Neste domingo (10\/11) o no Pavilh\u00e3o Cultural Municipal de Santa Rita do Passa Quatro recebe o Programa Est\u00e2ncia Sertaneja, que ir\u00e1 reunir cinco atra\u00e7\u00f5es da m\u00fasica de raiz, com entrada gratuita. Com objetivo de valorizar a cultura caipira e divulgar duplas da cidade e regi\u00e3o, o evento come\u00e7a a partir das 10 horas, com entrada \u00e9 gratuita.<\/p>\n<p>O Programa Est\u00e2ncia Sertaneja ter\u00e1 shows dos Irm\u00e3os Ouro Verde, das duplas Luciano Violeiro &amp; Juliano Damas e Silvio &amp; Spoliaric, do cantor Henrique Ara\u00fajo e do trio Pedro Carreiro, Salles Viola e Jean Henrique.<\/p>\n<p>A realiza\u00e7\u00e3o e apresenta\u00e7\u00e3o \u00e9 de Juliano Modena, com apoio do Departamento de Turismo e Cultura, da Prefeitura Municipal. O Pavilh\u00e3o Cultural fica na Pra\u00e7a Poeta M\u00e1rio Mattoso (Esta\u00e7\u00e3o).<\/p>\n<p>&nbsp;<\/p>\n<p><strong>SERVI\u00c7O<br \/>\nPROGRAMA EST\u00c2NCIA SERTANEJA<br \/>\nDATA: <\/strong>Domingo (10\/11\/2019).<br \/>\n<strong>LOCAL: <\/strong>Pavilh\u00e3o Cultural Dr. Eduardo Lousada Rocha (Pra\u00e7a Poeta M\u00e1rio Mattoso).<br \/>\n<strong>ENTRADA GRATUITA<\/strong><\/p>\n<p><strong><\/p>\n<p><\/strong><\/p>\n<p>&nbsp;<\/p>\n","protected":false},"excerpt":{"rendered":"<p>Evento, com apoio do Departamento de Cultura e Turismo, re\u00fane cinco atra\u00e7\u00f5es da m\u00fasica de raiz a partir das 10<\/p>\n","protected":false},"author":1,"featured_media":2743,"comment_status":"closed","ping_status":"open","sticky":false,"template":"","format":"standard","meta":{"footnotes":""},"categories":[46,60],"tags":[],"class_list":["post-2825","post","type-post","status-publish","format-standard","has-post-thumbnail","hentry","category-cultura","category-turismo"],"_links":{"self":[{"href":"https:\/\/www.santaritadopassaquatro.sp.gov.br\/portal\/wp-json\/wp\/v2\/posts\/2825","targetHints":{"allow":["GET"]}}],"collection":[{"href":"https:\/\/www.santaritadopassaquatro.sp.gov.br\/portal\/wp-json\/wp\/v2\/posts"}],"about":[{"href":"https:\/\/www.santaritadopassaquatro.sp.gov.br\/portal\/wp-json\/wp\/v2\/types\/post"}],"author":[{"embeddable":true,"href":"https:\/\/www.santaritadopassaquatro.sp.gov.br\/portal\/wp-json\/wp\/v2\/users\/1"}],"replies":[{"embeddable":true,"href":"https:\/\/www.santaritadopassaquatro.sp.gov.br\/portal\/wp-json\/wp\/v2\/comments?post=2825"}],"version-history":[{"count":0,"href":"https:\/\/www.santaritadopassaquatro.sp.gov.br\/portal\/wp-json\/wp\/v2\/posts\/2825\/revisions"}],"wp:featuredmedia":[{"embeddable":true,"href":"https:\/\/www.santaritadopassaquatro.sp.gov.br\/portal\/wp-json\/wp\/v2\/media\/2743"}],"wp:attachment":[{"href":"https:\/\/www.santaritadopassaquatro.sp.gov.br\/portal\/wp-json\/wp\/v2\/media?parent=2825"}],"wp:term":[{"taxonomy":"category","embeddable":true,"href":"https:\/\/www.santaritadopassaquatro.sp.gov.br\/portal\/wp-json\/wp\/v2\/categories?post=2825"},{"taxonomy":"post_tag","embeddable":true,"href":"https:\/\/www.santaritadopassaquatro.sp.gov.br\/portal\/wp-json\/wp\/v2\/tags?post=2825"}],"curies":[{"name":"wp","href":"https:\/\/api.w.org\/{rel}","templated":true}]}}