{"id":2827,"date":"2019-11-08T15:39:23","date_gmt":"2019-11-08T17:39:23","guid":{"rendered":"http:\/\/www.santaritadopassaquatro.sp.gov.br\/portal\/?p=2827"},"modified":"2019-11-08T15:39:23","modified_gmt":"2019-11-08T17:39:23","slug":"1a-mostra-dandara-tera-oficina-de-samba-rock-com-saulo-saulinho","status":"publish","type":"post","link":"https:\/\/www.santaritadopassaquatro.sp.gov.br\/portal\/1a-mostra-dandara-tera-oficina-de-samba-rock-com-saulo-saulinho\/","title":{"rendered":"1\u00aa Mostra Dandara ter\u00e1 Oficina de Samba Rock com Saulo Saulinho"},"content":{"rendered":"<p><strong><em>Com apoio do Departamento Municipal de Cultura e Turismo, Evento comemora Dia da Consci\u00eancia Negra com atividades na Pra\u00e7a Mario Mattoso e Pavilh\u00e3o Cultural<\/em><\/strong><\/p>\n<p><strong><em>\u00a0<\/em><\/strong><\/p>\n<p>A Oficina de Samba Rock, com Saulo Saulinho, \u00e9 a primeira atividade da programa\u00e7\u00e3o da Mostra Dandara, evento que ir\u00e1 comemorar o Dia da Consci\u00eancia Negra em Santa Rita do Passa Quatro. \u00a0A realiza\u00e7\u00e3o \u00e9 do Coletivo Negro Santa-ritense, em parceria com o Departamento de Turismo e Cultura, da Prefeitura Municipal.<\/p>\n<p>A oficina acontece no pr\u00f3ximo dia 17\/11, domingo, a partir das 14 horas, na Pra\u00e7a Poeta Mario Mattoso. Os interessados devem fazer suas inscri\u00e7\u00f5es pela internet, no link <a href=\"https:\/\/forms.gle\/ggMqjD6XGTT6aDhy8\">https:\/\/forms.gle\/ggMqjD6XGTT6aDhy8<\/a>.<\/p>\n<p>O Samba Rock \u00e9 um patrim\u00f4nio cultural de S\u00e3o Paulo, surgiu da criatividade dos frequentadores dos bailes em casas de fam\u00edlia e sal\u00f5es da periferia da cidade no final da d\u00e9cada de 50. Inspirada nos passos marcados do funk e do soul misturada ao rock and roll e ao samba, a dan\u00e7a se popularizou no Brasil e no mundo.<\/p>\n<p>No mesmo dia a programa\u00e7\u00e3o segue com as apresenta\u00e7\u00f5es art\u00edsticas do grupo de rap Sub\u00farbio Negro; de dan\u00e7a, com a Impacto Dance; o grupo de pagode Doce Palavra e \u00a0MC de rap com Pico Mandando Flow e DJ Alex.<\/p>\n<p>Tamb\u00e9m haver\u00e1 desfile de beleza negra mirim e bate papo sobre os temas: crian\u00e7as negras na escola, a import\u00e2ncia de elogiar nossas crian\u00e7as, representatividade nas m\u00eddias digitais, artistas negros precursores e embranquecimento: qual era o plano?<\/p>\n<p>Completando o primeiro dia, o evento tamb\u00e9m ir\u00e1 contar com feira afro e pra\u00e7a de alimenta\u00e7\u00e3o com produtos e comidas t\u00edpicas.<\/p>\n<p>&nbsp;<\/p>\n<p>&nbsp;<\/p>\n<p><strong>A MOSTRA<\/strong><\/p>\n<p>A Mostra Dandara &#8211; 1\u00aa Mostra Cultural Negra de Santa Rita acontece de 17 a 22 de novembro, abordando diversos temas (confira a programa\u00e7\u00e3o), na Pra\u00e7a Poeta Mario Mattoso (Esta\u00e7\u00e3o) e Pavilh\u00e3o Cultural, com manifesta\u00e7\u00f5es art\u00edsticas e culturais.<\/p>\n<p>O evento acontece na semana quem que se comemora o \u201cDia Nacional da Consci\u00eancia Negra\u201d (20 de novembro). Criada em 2003, a data \u00e9 dedicada \u00e0 reflex\u00e3o sobre a inser\u00e7\u00e3o do negro na sociedade brasileira e foi escolhida por coincidir com o dia atribu\u00eddo \u00e0 morte de Zumbi dos Palmares, em 1695, um dos maiores l\u00edderes negros do Brasil que lutou pela liberta\u00e7\u00e3o do povo contra o sistema escravista. \u00a0A data sucinta quest\u00f5es sobre racismo, discrimina\u00e7\u00e3o, igualdade social, inclus\u00e3o de negros na sociedade e a cultura afro-brasileira, assim como a promo\u00e7\u00e3o de f\u00f3runs, debates e outras atividades que valorizam a cultura africana.<\/p>\n<p><strong>Confira a programa\u00e7\u00e3o e os temas abordados: <\/strong><\/p>\n<ul>\n<li>Domingo, (17\/11) \u2013 \u201cNegritude e Representatividade\u201d, \u00e0s 14 horas, na Pra\u00e7a da Esta\u00e7\u00e3o.<\/li>\n<li>Segunda-feira (18\/11) \u2013 \u201cFam\u00edlias Negras\u201d, \u00e0s 19 horas, no Pavilh\u00e3o Cultural.<\/li>\n<li>Ter\u00e7a-feira (19\/11) \u2013 \u201cEmpreendedorismo Negro e Afro Consumo\u201d, \u00e0s 19 horas, no Pavilh\u00e3o Cultural.<\/li>\n<li>Quarta-feira (20\/11) \u2013 \u201cConscientize-se: Racismo Estrutural e Institucionalizado\u201d, \u00e0s 19 horas, no Pavilh\u00e3o Cultural.<\/li>\n<li>Quinta-feira (21\/11) \u2013 \u201cEst\u00e9tica Negra: Ame Os Seus Tra\u00e7os\u201d, \u00e0s 19 horas, no Pavilh\u00e3o Cultural.<\/li>\n<li>Sexta-feira (22\/11) \u2013 \u201cMulher Negra: For\u00e7a, Beleza e Resist\u00eancia\u201d, \u00e0s 19 horas, na Pra\u00e7a da Esta\u00e7\u00e3o.<\/li>\n<\/ul>\n<p>&nbsp;<\/p>\n","protected":false},"excerpt":{"rendered":"<p>Com apoio do Departamento Municipal de Cultura e Turismo, Evento comemora Dia da Consci\u00eancia Negra com atividades na Pra\u00e7a Mario<\/p>\n","protected":false},"author":1,"featured_media":2746,"comment_status":"closed","ping_status":"open","sticky":false,"template":"","format":"standard","meta":{"footnotes":""},"categories":[46,60],"tags":[],"class_list":["post-2827","post","type-post","status-publish","format-standard","has-post-thumbnail","hentry","category-cultura","category-turismo"],"_links":{"self":[{"href":"https:\/\/www.santaritadopassaquatro.sp.gov.br\/portal\/wp-json\/wp\/v2\/posts\/2827","targetHints":{"allow":["GET"]}}],"collection":[{"href":"https:\/\/www.santaritadopassaquatro.sp.gov.br\/portal\/wp-json\/wp\/v2\/posts"}],"about":[{"href":"https:\/\/www.santaritadopassaquatro.sp.gov.br\/portal\/wp-json\/wp\/v2\/types\/post"}],"author":[{"embeddable":true,"href":"https:\/\/www.santaritadopassaquatro.sp.gov.br\/portal\/wp-json\/wp\/v2\/users\/1"}],"replies":[{"embeddable":true,"href":"https:\/\/www.santaritadopassaquatro.sp.gov.br\/portal\/wp-json\/wp\/v2\/comments?post=2827"}],"version-history":[{"count":0,"href":"https:\/\/www.santaritadopassaquatro.sp.gov.br\/portal\/wp-json\/wp\/v2\/posts\/2827\/revisions"}],"wp:featuredmedia":[{"embeddable":true,"href":"https:\/\/www.santaritadopassaquatro.sp.gov.br\/portal\/wp-json\/wp\/v2\/media\/2746"}],"wp:attachment":[{"href":"https:\/\/www.santaritadopassaquatro.sp.gov.br\/portal\/wp-json\/wp\/v2\/media?parent=2827"}],"wp:term":[{"taxonomy":"category","embeddable":true,"href":"https:\/\/www.santaritadopassaquatro.sp.gov.br\/portal\/wp-json\/wp\/v2\/categories?post=2827"},{"taxonomy":"post_tag","embeddable":true,"href":"https:\/\/www.santaritadopassaquatro.sp.gov.br\/portal\/wp-json\/wp\/v2\/tags?post=2827"}],"curies":[{"name":"wp","href":"https:\/\/api.w.org\/{rel}","templated":true}]}}