{"id":2847,"date":"2019-11-14T15:40:40","date_gmt":"2019-11-14T17:40:40","guid":{"rendered":"http:\/\/www.santaritadopassaquatro.sp.gov.br\/portal\/?p=2847"},"modified":"2019-11-14T15:40:40","modified_gmt":"2019-11-14T17:40:40","slug":"muita-emocao-no-1o-programa-estancia-sertaneja","status":"publish","type":"post","link":"https:\/\/www.santaritadopassaquatro.sp.gov.br\/portal\/muita-emocao-no-1o-programa-estancia-sertaneja\/","title":{"rendered":"Muita emo\u00e7\u00e3o no 1\u00ba Programa Est\u00e2ncia Sertaneja"},"content":{"rendered":"<p><strong><em>Evento, com apoio do Departamento de Cultura e Turismo, reuniu atra\u00e7\u00f5es da m\u00fasica de raiz no Pavilh\u00e3o Cultural<\/em><\/strong><\/p>\n<p>&nbsp;<\/p>\n<figure id=\"attachment_2848\" aria-describedby=\"caption-attachment-2848\" style=\"width: 300px\" class=\"wp-caption alignleft\"><img decoding=\"async\" class=\"wp-image-2848 size-medium\" src=\"http:\/\/www.santaritadopassaquatro.sp.gov.br\/portal\/wp-content\/uploads\/2019\/11\/estancia_sertaneja_foto2-300x200.jpg\" alt=\"\" width=\"300\" height=\"200\" srcset=\"https:\/\/www.santaritadopassaquatro.sp.gov.br\/portal\/wp-content\/uploads\/2019\/11\/estancia_sertaneja_foto2-300x200.jpg 300w, https:\/\/www.santaritadopassaquatro.sp.gov.br\/portal\/wp-content\/uploads\/2019\/11\/estancia_sertaneja_foto2-768x512.jpg 768w, https:\/\/www.santaritadopassaquatro.sp.gov.br\/portal\/wp-content\/uploads\/2019\/11\/estancia_sertaneja_foto2-1024x683.jpg 1024w\" sizes=\"(max-width: 300px) 100vw, 300px\" \/><figcaption id=\"caption-attachment-2848\" class=\"wp-caption-text\"><span style=\"font-size: 8pt; color: #999999;\"><em><strong>O apresentador com o palha\u00e7o Jeca e a dupla Luciano Violeiro &amp; Juliano Damas\u00a0 (AssCom\/Divulga\u00e7\u00e3o)<\/strong><\/em><\/span><\/figcaption><\/figure>\n<p>O \u00faltimo domingo (10\/11) foi um dia de muita emo\u00e7\u00e3o no Pavilh\u00e3o Cultural Municipal de Santa Rita do Passa Quatro, local que recebeu o Programa Est\u00e2ncia Sertaneja. Durante a manh\u00e3, o evento reuniu atra\u00e7\u00f5es da m\u00fasica de raiz, com apresenta\u00e7\u00e3o do radialista Juliano Modena, tamb\u00e9m realizador do evento.<\/p>\n<p>Os shows come\u00e7aram com os Irm\u00e3os Ouro Verde, em seguida o ator Reinaldo Facchini, interpretando o palha\u00e7o Jeca, fez uma interven\u00e7\u00e3o, interagindo com o p\u00fablico, entre suas brincadeiras e declama\u00e7\u00f5es. A dupla Luciano Violeiro &amp; Juliano Damas, de Santa Rita e Casa Branca, apresentaram em seguida com m\u00fasicas consagradas e autorais, do CD \u201cO \u00daltimo Boiadeiro\u201d. A programa\u00e7\u00e3o seguiu com a dupla Silvio &amp; Spoliaric, o cantor Henrique Ara\u00fajo e do trio Pedro Carreiro, Salles Viola e Jean Henrique.<\/p>\n<p>A prefeito Leandro Luciano dos Santos e a vice-prefeita Maria Rita Mondin de Oliveira estiveram presentes o foram prestigiar a programa\u00e7\u00e3o. Ambos reiteraram o apoio do Governo Municipal a iniciativa que valoriza a nossa arte e nossa cultura.<\/p>\n<p>Com entrada gratuita, o Programa Est\u00e2ncia Sertaneja teve como objetivo valorizar a cultura caipira e divulgar duplas da cidade e regi\u00e3o. A inten\u00e7\u00e3o do apresentador, \u00e9 que o evento aconte\u00e7a mensalmente, com apoio do Departamento de Turismo e Cultura, da Prefeitura Municipal.<\/p>\n<p>&nbsp;<\/p>\n<p>&nbsp;<\/p>\n<p><em>\u00a0<\/em><\/p>\n","protected":false},"excerpt":{"rendered":"<p>Evento, com apoio do Departamento de Cultura e Turismo, reuniu atra\u00e7\u00f5es da m\u00fasica de raiz no Pavilh\u00e3o Cultural &nbsp; O<\/p>\n","protected":false},"author":1,"featured_media":0,"comment_status":"closed","ping_status":"open","sticky":false,"template":"","format":"standard","meta":{"footnotes":""},"categories":[46,60],"tags":[],"class_list":["post-2847","post","type-post","status-publish","format-standard","hentry","category-cultura","category-turismo"],"_links":{"self":[{"href":"https:\/\/www.santaritadopassaquatro.sp.gov.br\/portal\/wp-json\/wp\/v2\/posts\/2847","targetHints":{"allow":["GET"]}}],"collection":[{"href":"https:\/\/www.santaritadopassaquatro.sp.gov.br\/portal\/wp-json\/wp\/v2\/posts"}],"about":[{"href":"https:\/\/www.santaritadopassaquatro.sp.gov.br\/portal\/wp-json\/wp\/v2\/types\/post"}],"author":[{"embeddable":true,"href":"https:\/\/www.santaritadopassaquatro.sp.gov.br\/portal\/wp-json\/wp\/v2\/users\/1"}],"replies":[{"embeddable":true,"href":"https:\/\/www.santaritadopassaquatro.sp.gov.br\/portal\/wp-json\/wp\/v2\/comments?post=2847"}],"version-history":[{"count":0,"href":"https:\/\/www.santaritadopassaquatro.sp.gov.br\/portal\/wp-json\/wp\/v2\/posts\/2847\/revisions"}],"wp:attachment":[{"href":"https:\/\/www.santaritadopassaquatro.sp.gov.br\/portal\/wp-json\/wp\/v2\/media?parent=2847"}],"wp:term":[{"taxonomy":"category","embeddable":true,"href":"https:\/\/www.santaritadopassaquatro.sp.gov.br\/portal\/wp-json\/wp\/v2\/categories?post=2847"},{"taxonomy":"post_tag","embeddable":true,"href":"https:\/\/www.santaritadopassaquatro.sp.gov.br\/portal\/wp-json\/wp\/v2\/tags?post=2847"}],"curies":[{"name":"wp","href":"https:\/\/api.w.org\/{rel}","templated":true}]}}