{"id":2851,"date":"2019-11-14T15:46:49","date_gmt":"2019-11-14T17:46:49","guid":{"rendered":"http:\/\/www.santaritadopassaquatro.sp.gov.br\/portal\/?p=2851"},"modified":"2019-11-14T15:46:49","modified_gmt":"2019-11-14T17:46:49","slug":"1a-mostra-dandara-comeca-neste-domingo-confira-a-programacao","status":"publish","type":"post","link":"https:\/\/www.santaritadopassaquatro.sp.gov.br\/portal\/1a-mostra-dandara-comeca-neste-domingo-confira-a-programacao\/","title":{"rendered":"1\u00aa Mostra Dandara come\u00e7a neste domingo, confira a programa\u00e7\u00e3o"},"content":{"rendered":"<p><strong><em>Com apoio do Departamento Municipal de Cultura e Turismo, evento comemora Dia da Consci\u00eancia Negra com atividades na Pra\u00e7a Mario Mattoso e Pavilh\u00e3o Cultural<\/em><\/strong><\/p>\n<p><strong><em>\u00a0<\/em><\/strong><\/p>\n<figure id=\"attachment_2853\" aria-describedby=\"caption-attachment-2853\" style=\"width: 300px\" class=\"wp-caption alignleft\"><img decoding=\"async\" class=\"wp-image-2853 size-medium\" src=\"http:\/\/www.santaritadopassaquatro.sp.gov.br\/portal\/wp-content\/uploads\/2019\/11\/Dandara_prefeito-300x200.jpg\" alt=\"\" width=\"300\" height=\"200\" srcset=\"https:\/\/www.santaritadopassaquatro.sp.gov.br\/portal\/wp-content\/uploads\/2019\/11\/Dandara_prefeito-300x200.jpg 300w, https:\/\/www.santaritadopassaquatro.sp.gov.br\/portal\/wp-content\/uploads\/2019\/11\/Dandara_prefeito-768x512.jpg 768w, https:\/\/www.santaritadopassaquatro.sp.gov.br\/portal\/wp-content\/uploads\/2019\/11\/Dandara_prefeito-1024x683.jpg 1024w\" sizes=\"(max-width: 300px) 100vw, 300px\" \/><figcaption id=\"caption-attachment-2853\" class=\"wp-caption-text\"><span style=\"font-size: 8pt; color: #808080;\"><strong><em>Membros do Coletivo Negro Santarritense apresentando a programa\u00e7\u00e3o do evento ao prefeito (AssCom\/Divulga\u00e7\u00e3o)<\/em><\/strong><\/span><\/figcaption><\/figure>\n<p>Come\u00e7a neste domingo (17\/11) a programa\u00e7\u00e3o especial de uma semana que ir\u00e1 comemorar o Dia da Consci\u00eancia Negra em Santa Rita do Passa Quatro. Com apoio do Departamento de Turismo e Cultura, da Prefeitura Municipal, o Coletivo Negro Santarritense promove at\u00e9 a pr\u00f3xima sexta-feira (dia 22\/11), a Mostra Dandara. \u00a0A 1\u00aa Mostra Cultural Negra de Santa Rita ir\u00e1 abordar diversos temas (confira a programa\u00e7\u00e3o), na Pra\u00e7a Poeta Mario Mattoso (Esta\u00e7\u00e3o) e Pavilh\u00e3o Cultural, com manifesta\u00e7\u00f5es art\u00edsticas e culturais.<\/p>\n<p>O evento acontece na semana quem que se comemora o \u201cDia Nacional da Consci\u00eancia Negra\u201d (20 de novembro). Criada em 2003, a data \u00e9 dedicada \u00e0 reflex\u00e3o sobre a inser\u00e7\u00e3o do negro na sociedade brasileira e foi escolhida por coincidir com o dia atribu\u00eddo \u00e0 morte de Zumbi dos Palmares, em 1695, um dos maiores l\u00edderes negros do Brasil que lutou pela liberta\u00e7\u00e3o do povo contra o sistema escravista. \u00a0A data sucinta quest\u00f5es sobre racismo, discrimina\u00e7\u00e3o, igualdade social, inclus\u00e3o de negros na sociedade e a cultura afro-brasileira, assim como a promo\u00e7\u00e3o de f\u00f3runs, debates e outras atividades que valorizam a cultura africana.<\/p>\n<p><strong>Confira a programa\u00e7\u00e3o e os temas abordados: <\/strong><\/p>\n<p><strong>Domingo, (17\/11) \u2013<\/strong> Oficina Samba Rock, com Saulo Saulinho.\u00a0 Apresenta\u00e7\u00f5es art\u00edsticas com o grupo de rap Sub\u00farbio Negro; de dan\u00e7a, com Impacto Dance; e musical com o grupo de pagode Doce Palavra, MC de rap Pico Mandando Flow e DJ Alex. Tamb\u00e9m haver\u00e1 o desfile Beleza Negra Mirim, com coordena\u00e7\u00e3o Anna Paula, e Bate Papo com os temas \u201cCrian\u00e7as Negras na Escola\u201d, \u201cA Import\u00e2ncia de Elogiar Nossas Crian\u00e7as\u201d, \u201cRepresentatividade nas M\u00eddias Digitais\u201d, \u201cArtistas Negros Precursores\u201d e \u201cEmbranquecimento: Qual Era O Plano?\u201d, desenvolvido por Fabr\u00edcia Alvares, \u00c9rica Santiago, J\u00e9ssica Lopes, Igor Jos\u00e9 da Silva e\u00a0 Luiz Fernando Costa de Andrade. Feira afro e pra\u00e7a de alimenta\u00e7\u00e3o com produtos e comidas t\u00edpicas. A abertura acontece a partir das 14 horas, na pra\u00e7a Poeta Mario Mattoso (Esta\u00e7\u00e3o).<\/p>\n<p><strong>Segunda-feira (18\/11)<\/strong> \u2013 Oficinas com Abayomis, \u00c9rica Santiago e Emilene; Capoeira, Grupo Uni\u00e3o; Tran\u00e7as Infantis J\u00e9tty Estilos. Apresenta\u00e7\u00f5es art\u00edsticas de capoeira, com Grupo Uni\u00e3o; musical, com grupo amigos do Samba, e MPB, com Anna Paula e Igor. \u00a0Apresenta\u00e7\u00f5es Infantis de ukulele, com Amarelinha Africana.\u00a0 Desenvolvido por EMEF Francisco Ribeiro. O tema do bate papo ser\u00e1 \u201cFilhos Negros Em Tempos Atuais\u201d. Pra\u00e7a de alimenta\u00e7\u00e3o com comidas t\u00edpicas. A programa\u00e7\u00e3o acontece a partir das 19 horas, no Pavilh\u00e3o Cultural.<\/p>\n<p><strong>Ter\u00e7a-feira (19\/11)<\/strong> \u2013Exposi\u00e7\u00e3o afro de empresas e empreendedores negros em feira de demonstra\u00e7\u00e3o de seus servi\u00e7os e produtos. Apresenta\u00e7\u00f5es art\u00edsticas de samba, com Kaio Luca; e MPB, com Let\u00edcia Arantes. Palestra com SEBRAE, com tema \u201cComo Iniciar\u201d. Bate papo com o tema \u201cAfro Consumo e Jornada de Empreendedores Locais\u201d. Pra\u00e7a de alimenta\u00e7\u00e3o com comidas t\u00edpicas. A partir das 19 horas, no Pavilh\u00e3o Cultural.<\/p>\n<p><strong>Quarta-feira (20\/11)<\/strong> \u2013 Palestra e roda de debates sobre \u201cEstrutura racista, Viol\u00eancia policial no trabalho e representa\u00e7\u00f5es\u201d e \u201cColorismo, Pigmentocracia\u201d, \u201cApropria\u00e7\u00e3o Cultural\u201d, \u201cHomens Negros e Masculinidade\u201d, e \u201cFeminismo Negro, Mulherismo\u201d, desenvolvido por NEAB (N\u00facleo de Estudos Afro-Brasileiros) &#8211; UFSCar. Apresenta\u00e7\u00f5es art\u00edsticas com grupo RV Company; e rap com Slam Esta\u00e7\u00e3o. Pra\u00e7a de alimenta\u00e7\u00e3o com comidas t\u00edpicas. A partir das 19 horas, no Pavilh\u00e3o Cultural.<\/p>\n<p><strong>Quinta-feira (21\/11)<\/strong> \u2013 Palestras e roda de debate, \u201cCabelos Crespos e Cacheados\u201d, \u00a0Desenvolvido por Fernanda In\u00e1cio. Proje\u00e7\u00e3o art\u00edstica, \u201cBeleza Negra Local\u201d. Apresenta\u00e7\u00f5es art\u00edsticas, rap, com Vin\u00edcius Preto, e MPB, com Bianca Macei\u00f3. Sarau com microfone livre para express\u00f5es art\u00edsticas. Bate papo sobre \u201cbeleza e est\u00e9tica negra e o mercado de trabalho\u201d. Desfile, Beleza Masculina \u201c\u2018Cabe\u00e7a de Nego\u2019 &#8211; Homens Negros Tamb\u00e9m S\u00e3o Refer\u00eancias\u201d. Coordena\u00e7\u00e3o, Anna Paula. Pra\u00e7a de alimenta\u00e7\u00e3o com comidas t\u00edpicas. A partir das 19 horas, no Pavilh\u00e3o Cultural.<\/p>\n<p><strong>Sexta-feira (22\/11)<\/strong> \u2013 Proje\u00e7\u00e3o art\u00edstica, \u201cProfissionais Negras\u201d. Apresenta\u00e7\u00f5es art\u00edsticas com Dj Natasha Curnic; Let\u00edcia Arantes; Denise Serafim e Grupo Som de Pretas. Bate papo, \u201cHipersexualiza\u00e7\u00e3o X Desexualiza\u00e7\u00e3o\u201d e \u201cSolid\u00e3o da Mulher Negra\u201d. Desfile de beleza de Wakanda, \u201cMulher Negra Voc\u00ea \u00e9 Rainha\u201d. Coordena\u00e7\u00e3o, Anna Paula. Feira afro e pra\u00e7a de alimenta\u00e7\u00e3o com produtos e comidas t\u00edpicas. A partir das 19 horas, no Pavilh\u00e3o Cultural.<\/p>\n","protected":false},"excerpt":{"rendered":"<p>Com apoio do Departamento Municipal de Cultura e Turismo, evento comemora Dia da Consci\u00eancia Negra com atividades na Pra\u00e7a Mario<\/p>\n","protected":false},"author":1,"featured_media":2852,"comment_status":"closed","ping_status":"open","sticky":false,"template":"","format":"standard","meta":{"footnotes":""},"categories":[46,52,60],"tags":[],"class_list":["post-2851","post","type-post","status-publish","format-standard","has-post-thumbnail","hentry","category-cultura","category-latest","category-turismo"],"_links":{"self":[{"href":"https:\/\/www.santaritadopassaquatro.sp.gov.br\/portal\/wp-json\/wp\/v2\/posts\/2851","targetHints":{"allow":["GET"]}}],"collection":[{"href":"https:\/\/www.santaritadopassaquatro.sp.gov.br\/portal\/wp-json\/wp\/v2\/posts"}],"about":[{"href":"https:\/\/www.santaritadopassaquatro.sp.gov.br\/portal\/wp-json\/wp\/v2\/types\/post"}],"author":[{"embeddable":true,"href":"https:\/\/www.santaritadopassaquatro.sp.gov.br\/portal\/wp-json\/wp\/v2\/users\/1"}],"replies":[{"embeddable":true,"href":"https:\/\/www.santaritadopassaquatro.sp.gov.br\/portal\/wp-json\/wp\/v2\/comments?post=2851"}],"version-history":[{"count":0,"href":"https:\/\/www.santaritadopassaquatro.sp.gov.br\/portal\/wp-json\/wp\/v2\/posts\/2851\/revisions"}],"wp:featuredmedia":[{"embeddable":true,"href":"https:\/\/www.santaritadopassaquatro.sp.gov.br\/portal\/wp-json\/wp\/v2\/media\/2852"}],"wp:attachment":[{"href":"https:\/\/www.santaritadopassaquatro.sp.gov.br\/portal\/wp-json\/wp\/v2\/media?parent=2851"}],"wp:term":[{"taxonomy":"category","embeddable":true,"href":"https:\/\/www.santaritadopassaquatro.sp.gov.br\/portal\/wp-json\/wp\/v2\/categories?post=2851"},{"taxonomy":"post_tag","embeddable":true,"href":"https:\/\/www.santaritadopassaquatro.sp.gov.br\/portal\/wp-json\/wp\/v2\/tags?post=2851"}],"curies":[{"name":"wp","href":"https:\/\/api.w.org\/{rel}","templated":true}]}}