{"id":2855,"date":"2019-11-14T15:50:10","date_gmt":"2019-11-14T17:50:10","guid":{"rendered":"http:\/\/www.santaritadopassaquatro.sp.gov.br\/portal\/?p=2855"},"modified":"2019-11-14T15:50:10","modified_gmt":"2019-11-14T17:50:10","slug":"santa-rita-recebe-mais-uma-competicao-esportiva-entre-estudantes-neste-feriado","status":"publish","type":"post","link":"https:\/\/www.santaritadopassaquatro.sp.gov.br\/portal\/santa-rita-recebe-mais-uma-competicao-esportiva-entre-estudantes-neste-feriado\/","title":{"rendered":"Santa Rita recebe mais uma competi\u00e7\u00e3o esportiva entre estudantes neste feriado"},"content":{"rendered":"<p><strong><em>Em busca de consolida\u00e7\u00e3o do turismo esportivo, evento deve reunir cerca de 700 alunos das Fatecs <\/em><\/strong><\/p>\n<p>&nbsp;<\/p>\n<figure id=\"attachment_2796\" aria-describedby=\"caption-attachment-2796\" style=\"width: 300px\" class=\"wp-caption alignleft\"><img decoding=\"async\" class=\"wp-image-2796 size-medium\" src=\"http:\/\/www.santaritadopassaquatro.sp.gov.br\/portal\/wp-content\/uploads\/2019\/11\/copa_fisio_alimentos-300x200.jpg\" alt=\"\" width=\"300\" height=\"200\" srcset=\"https:\/\/www.santaritadopassaquatro.sp.gov.br\/portal\/wp-content\/uploads\/2019\/11\/copa_fisio_alimentos-300x200.jpg 300w, https:\/\/www.santaritadopassaquatro.sp.gov.br\/portal\/wp-content\/uploads\/2019\/11\/copa_fisio_alimentos-768x512.jpg 768w, https:\/\/www.santaritadopassaquatro.sp.gov.br\/portal\/wp-content\/uploads\/2019\/11\/copa_fisio_alimentos-1024x683.jpg 1024w\" sizes=\"(max-width: 300px) 100vw, 300px\" \/><figcaption id=\"caption-attachment-2796\" class=\"wp-caption-text\"><span style=\"font-size: 8pt; color: #808080;\"><em><strong>Alimentos arrecadados pela Copa Farma F\u00edsio, doados a tr\u00eas institui\u00e7\u00f5es de caridade do munic\u00edpio (Arquivo\/AssCom\/Divulga\u00e7\u00e3o)<\/strong><\/em><\/span><\/figcaption><\/figure>\n<p>Em busca de consolida\u00e7\u00e3o do turismo, Santa Rita do Passa Quatro recebe neste fim de semana, mais uma competi\u00e7\u00e3o esportiva entre estudantes. A Interfatec, competi\u00e7\u00e3o disputada entre as FATECs de diferentes cidades come\u00e7a nesta sexta-feira, feriado de 15 de novembro.<\/p>\n<p>A competi\u00e7\u00e3o que j\u00e1 passou pelas cidades de Sert\u00e3ozinho (2015), Itapetininga (2016) e (2017\/2018), chega a Santa Rita com expectativa de participa\u00e7\u00e3o de 700 estudantes, vindos de diversas regi\u00f5es, que ficar\u00e3o na cidade at\u00e9 o dia 17 de novembro, domingo.<\/p>\n<p>A organiza\u00e7\u00e3o \u00e9 da empresa Albatroz Produ\u00e7\u00e3o e Eventos. Os estudantes ficar\u00e3o alojados na Associa\u00e7\u00e3o Atl\u00e9tica Santa Ritense (AASR), onde tamb\u00e9m acontecer\u00e3o as festas. Os jogos ser\u00e3o disputados em diferentes pra\u00e7as esportivas, como AASR, quadra da Cooperativa de Ensino e Cultura, e Gin\u00e1sio Municipal Professor Oscar de Oliveira Alves.<\/p>\n<p>A empresa tamb\u00e9m ir\u00e1 arrecadar entre os participantes cerca de 500 quilos de alimentos n\u00e3o perec\u00edveis, que ser\u00e3o doados para institui\u00e7\u00e3o de caridade do munic\u00edpio. Esta \u00e9 a segunda competi\u00e7\u00e3o do ano promovida pela empresa. A primeira foi a Copa Farma F\u00edsio, que em junho, reuniu cerca de 1200 universit\u00e1rios na cidade, gerando cerca de 100 empregos tempor\u00e1rios diretos e arrecadou cerca de mil quilos de alimentos, destinados a tr\u00eas entidades do munic\u00edpio: Lar S\u00e3o Vicente de Paulo (Asilo), Abevec (Associa\u00e7\u00e3o Beneficente e Educacional Vida em Cristo) e Instituto das Filhas de S\u00e3o Jos\u00e9. A competi\u00e7\u00e3o tamb\u00e9m doou ao munic\u00edpio duas tabelas de basquete m\u00f3veis, que est\u00e3o no Centro Ol\u00edmpico Municipal, atendendo a popula\u00e7\u00e3o. Em setembro, Santa Rita tamb\u00e9m recebeu a Interodonto, com estudantes de odontologia.<\/p>\n<p>De acordo com o Departamento de Turismo da Prefeitura, as competi\u00e7\u00f5es estudantis s\u00e3o de grande import\u00e2ncia para o est\u00edmulo ao turismo na est\u00e2ncia, aquecendo a economia local, especialmente nos setores de alimenta\u00e7\u00e3o, hospedagem, combust\u00edveis e presta\u00e7\u00e3o de servi\u00e7os, al\u00e9m de diversos outros setores que s\u00e3o beneficiados indiretamente.<\/p>\n<p>&nbsp;<\/p>\n<p>&nbsp;<\/p>\n<p>&nbsp;<\/p>\n<p>&nbsp;<\/p>\n","protected":false},"excerpt":{"rendered":"<p>Em busca de consolida\u00e7\u00e3o do turismo esportivo, evento deve reunir cerca de 700 alunos das Fatecs &nbsp; Em busca de<\/p>\n","protected":false},"author":1,"featured_media":2796,"comment_status":"closed","ping_status":"open","sticky":false,"template":"","format":"standard","meta":{"footnotes":""},"categories":[43,51,60],"tags":[],"class_list":["post-2855","post","type-post","status-publish","format-standard","has-post-thumbnail","hentry","category-assistenciasocial","category-sports","category-turismo"],"_links":{"self":[{"href":"https:\/\/www.santaritadopassaquatro.sp.gov.br\/portal\/wp-json\/wp\/v2\/posts\/2855","targetHints":{"allow":["GET"]}}],"collection":[{"href":"https:\/\/www.santaritadopassaquatro.sp.gov.br\/portal\/wp-json\/wp\/v2\/posts"}],"about":[{"href":"https:\/\/www.santaritadopassaquatro.sp.gov.br\/portal\/wp-json\/wp\/v2\/types\/post"}],"author":[{"embeddable":true,"href":"https:\/\/www.santaritadopassaquatro.sp.gov.br\/portal\/wp-json\/wp\/v2\/users\/1"}],"replies":[{"embeddable":true,"href":"https:\/\/www.santaritadopassaquatro.sp.gov.br\/portal\/wp-json\/wp\/v2\/comments?post=2855"}],"version-history":[{"count":0,"href":"https:\/\/www.santaritadopassaquatro.sp.gov.br\/portal\/wp-json\/wp\/v2\/posts\/2855\/revisions"}],"wp:featuredmedia":[{"embeddable":true,"href":"https:\/\/www.santaritadopassaquatro.sp.gov.br\/portal\/wp-json\/wp\/v2\/media\/2796"}],"wp:attachment":[{"href":"https:\/\/www.santaritadopassaquatro.sp.gov.br\/portal\/wp-json\/wp\/v2\/media?parent=2855"}],"wp:term":[{"taxonomy":"category","embeddable":true,"href":"https:\/\/www.santaritadopassaquatro.sp.gov.br\/portal\/wp-json\/wp\/v2\/categories?post=2855"},{"taxonomy":"post_tag","embeddable":true,"href":"https:\/\/www.santaritadopassaquatro.sp.gov.br\/portal\/wp-json\/wp\/v2\/tags?post=2855"}],"curies":[{"name":"wp","href":"https:\/\/api.w.org\/{rel}","templated":true}]}}