{"id":2864,"date":"2019-11-14T15:57:22","date_gmt":"2019-11-14T17:57:22","guid":{"rendered":"http:\/\/www.santaritadopassaquatro.sp.gov.br\/portal\/?p=2864"},"modified":"2019-11-14T15:57:22","modified_gmt":"2019-11-14T17:57:22","slug":"em-reuniao-com-prefeitos-governador-anuncia-liberacao-recursos-para-estancias","status":"publish","type":"post","link":"https:\/\/www.santaritadopassaquatro.sp.gov.br\/portal\/em-reuniao-com-prefeitos-governador-anuncia-liberacao-recursos-para-estancias\/","title":{"rendered":"Em reuni\u00e3o com prefeitos, governador anuncia libera\u00e7\u00e3o recursos para est\u00e2ncias"},"content":{"rendered":"<p><strong><em>Presidente da Aprecesp, Leandro Pilha esteve acompanhado dos prefeitos de Campos do Jord\u00e3o e Holambra em encontro que contou tamb\u00e9m secret\u00e1rios de Estado <\/em><\/strong><\/p>\n<p>&nbsp;<\/p>\n<figure id=\"attachment_2865\" aria-describedby=\"caption-attachment-2865\" style=\"width: 300px\" class=\"wp-caption alignleft\"><img decoding=\"async\" class=\"wp-image-2865 size-medium\" src=\"http:\/\/www.santaritadopassaquatro.sp.gov.br\/portal\/wp-content\/uploads\/2019\/11\/Prefeito_Doria_Lummertz-300x170.jpeg\" alt=\"\" width=\"300\" height=\"170\" srcset=\"https:\/\/www.santaritadopassaquatro.sp.gov.br\/portal\/wp-content\/uploads\/2019\/11\/Prefeito_Doria_Lummertz-300x170.jpeg 300w, https:\/\/www.santaritadopassaquatro.sp.gov.br\/portal\/wp-content\/uploads\/2019\/11\/Prefeito_Doria_Lummertz-768x435.jpeg 768w, https:\/\/www.santaritadopassaquatro.sp.gov.br\/portal\/wp-content\/uploads\/2019\/11\/Prefeito_Doria_Lummertz.jpeg 848w\" sizes=\"(max-width: 300px) 100vw, 300px\" \/><figcaption id=\"caption-attachment-2865\" class=\"wp-caption-text\"><span style=\"font-size: 8pt; color: #999999;\"><em><strong>Secret\u00e1rio de Turismo, governador e prefeito de Santa Rita durante reuni\u00e3o em S\u00e3o Paulo (Divulga\u00e7\u00e3o)<\/strong><\/em><\/span><\/figcaption><\/figure>\n<p>A prefeito de Santa Rita do Passa Quatro, Leandro Luciano dos Santos, esteve em reuni\u00e3o na noite da \u00faltima ter\u00e7a-feira (12\/11), com o governador do Estado de S\u00e3o Paulo Jo\u00e3o Doria, e os secret\u00e1rios de Estado de Turismo, Vinicius Lummertz, e de Desenvolvimento Regional, Marco Vinholi. A reuni\u00e3o tamb\u00e9m contou com prefeitos das est\u00e2ncias de Holambra e Campos do Jord\u00e3o, Aprecesp Fernando Godoy, prefeito de Holambra, e Fred Guidoni.<\/p>\n<p>No encontro foram anunciadas boas not\u00edcias para o turismo do Estado de S\u00e3o Paulo. Gra\u00e7as ao empenho da Aprecesp (Associa\u00e7\u00e3o da Prefeituras Est\u00e2ncias do Estado de S\u00e3o Paulo), da qual o prefeito santa-ritense \u00e9 presidente, e das Secretarias de Estado do Turismo e Desenvolvimento Regional, e com o aval do governador, foi anunciado que, mesmo em um ano de crise e com d\u00e9ficit de arrecada\u00e7\u00e3o, o Estado ir\u00e1 honrar com os compromissos das obras em andamento, sem a necessidade de paralisa\u00e7\u00e3o, totalizando R$ 40 milh\u00f5es. Al\u00e9m disso, ainda neste ano, Jo\u00e3o Doria dever\u00e1 assinar os conv\u00eanios de 2019, em um montante de R$ 127 milh\u00f5es, para novas obras, em evento a ser realizado no Pal\u00e1cio dos Bandeirantes.<\/p>\n<p>Na reuni\u00e3o, tamb\u00e9m foi anunciado os resultados do crescimento do turismo no Estado de S\u00e3o Paulo, na casa de 8% acima do esperado para todo pa\u00eds, gerando mais emprego e renda para popula\u00e7\u00e3o paulista.<\/p>\n<p>&nbsp;<\/p>\n<p><strong>\u00a0<\/strong><\/p>\n<p><strong>\u00a0<\/strong><\/p>\n<p><em>\u00a0<\/em><\/p>\n","protected":false},"excerpt":{"rendered":"<p>Presidente da Aprecesp, Leandro Pilha esteve acompanhado dos prefeitos de Campos do Jord\u00e3o e Holambra em encontro que contou tamb\u00e9m<\/p>\n","protected":false},"author":1,"featured_media":2865,"comment_status":"closed","ping_status":"open","sticky":false,"template":"","format":"standard","meta":{"footnotes":""},"categories":[52,57,60],"tags":[],"class_list":["post-2864","post","type-post","status-publish","format-standard","has-post-thumbnail","hentry","category-latest","category-politics","category-turismo"],"_links":{"self":[{"href":"https:\/\/www.santaritadopassaquatro.sp.gov.br\/portal\/wp-json\/wp\/v2\/posts\/2864","targetHints":{"allow":["GET"]}}],"collection":[{"href":"https:\/\/www.santaritadopassaquatro.sp.gov.br\/portal\/wp-json\/wp\/v2\/posts"}],"about":[{"href":"https:\/\/www.santaritadopassaquatro.sp.gov.br\/portal\/wp-json\/wp\/v2\/types\/post"}],"author":[{"embeddable":true,"href":"https:\/\/www.santaritadopassaquatro.sp.gov.br\/portal\/wp-json\/wp\/v2\/users\/1"}],"replies":[{"embeddable":true,"href":"https:\/\/www.santaritadopassaquatro.sp.gov.br\/portal\/wp-json\/wp\/v2\/comments?post=2864"}],"version-history":[{"count":0,"href":"https:\/\/www.santaritadopassaquatro.sp.gov.br\/portal\/wp-json\/wp\/v2\/posts\/2864\/revisions"}],"wp:featuredmedia":[{"embeddable":true,"href":"https:\/\/www.santaritadopassaquatro.sp.gov.br\/portal\/wp-json\/wp\/v2\/media\/2865"}],"wp:attachment":[{"href":"https:\/\/www.santaritadopassaquatro.sp.gov.br\/portal\/wp-json\/wp\/v2\/media?parent=2864"}],"wp:term":[{"taxonomy":"category","embeddable":true,"href":"https:\/\/www.santaritadopassaquatro.sp.gov.br\/portal\/wp-json\/wp\/v2\/categories?post=2864"},{"taxonomy":"post_tag","embeddable":true,"href":"https:\/\/www.santaritadopassaquatro.sp.gov.br\/portal\/wp-json\/wp\/v2\/tags?post=2864"}],"curies":[{"name":"wp","href":"https:\/\/api.w.org\/{rel}","templated":true}]}}