{"id":2872,"date":"2019-11-21T11:39:31","date_gmt":"2019-11-21T13:39:31","guid":{"rendered":"http:\/\/www.santaritadopassaquatro.sp.gov.br\/portal\/?p=2872"},"modified":"2019-11-21T11:39:31","modified_gmt":"2019-11-21T13:39:31","slug":"santa-rita-do-passa-quatro-recebe-mutirao-do-rg-nesta-sexta-e-sabado","status":"publish","type":"post","link":"https:\/\/www.santaritadopassaquatro.sp.gov.br\/portal\/santa-rita-do-passa-quatro-recebe-mutirao-do-rg-nesta-sexta-e-sabado\/","title":{"rendered":"Santa Rita do Passa Quatro recebe mutir\u00e3o do RG nesta sexta e s\u00e1bado"},"content":{"rendered":"<p><strong><em>A\u00e7\u00e3o \u00e9 uma parceria da Prefeitura e IIRGD e acontece na sede Departamento de Promo\u00e7\u00e3o Social; senhas devem ser retiradas das 8h \u00e0s 9h <\/em><\/strong><\/p>\n<p>&nbsp;<\/p>\n<figure id=\"attachment_2861\" aria-describedby=\"caption-attachment-2861\" style=\"width: 300px\" class=\"wp-caption alignleft\"><img decoding=\"async\" class=\"wp-image-2861 size-medium\" src=\"http:\/\/www.santaritadopassaquatro.sp.gov.br\/portal\/wp-content\/uploads\/2019\/11\/Mutirao_RG_local-300x200.jpg\" alt=\"\" width=\"300\" height=\"200\" srcset=\"https:\/\/www.santaritadopassaquatro.sp.gov.br\/portal\/wp-content\/uploads\/2019\/11\/Mutirao_RG_local-300x200.jpg 300w, https:\/\/www.santaritadopassaquatro.sp.gov.br\/portal\/wp-content\/uploads\/2019\/11\/Mutirao_RG_local-768x512.jpg 768w, https:\/\/www.santaritadopassaquatro.sp.gov.br\/portal\/wp-content\/uploads\/2019\/11\/Mutirao_RG_local-1024x683.jpg 1024w\" sizes=\"(max-width: 300px) 100vw, 300px\" \/><figcaption id=\"caption-attachment-2861\" class=\"wp-caption-text\"><span style=\"color: #999999; font-size: 8pt;\"><em><strong>Sede do Departamento de Assist\u00eancia Social, local que ir\u00e1 receber o mutir\u00e3o nos dias 22 e 23 de novembro (AssCom\/Divulga\u00e7\u00e3o)<\/strong><\/em><\/span><\/figcaption><\/figure>\n<p>A prefeitura de Santa Rita do Passa Quatro em parceria com o Instituto de Identifica\u00e7\u00e3o Ricardo Gumbleton Daunt (IIRGD), \u00f3rg\u00e3o da Pol\u00edcia Civil do Estado de S\u00e3o Paulo, est\u00e3o promovendo um mutir\u00e3o para emiss\u00e3o de documentos de identidade (RG) para moradores do munic\u00edpio.<\/p>\n<p>A a\u00e7\u00e3o acontece nesta sexta-feira e s\u00e1bado (22 e 23\/11), no hor\u00e1rio das 8h \u00e0s 15 horas, na sede do Departamento Municipal de Assist\u00eancia e Desenvolvimento Social &#8212; entrada pela Pra\u00e7a Poeta M\u00e1rio Mattoso (Esta\u00e7\u00e3o).<\/p>\n<p>O atendimento ser\u00e1 por ordem de chegada, com distribui\u00e7\u00e3o de senhas no hor\u00e1rio das 8h \u00e0s 9 horas.<\/p>\n<p>Para emiss\u00e3o da 1\u00aa via, o servi\u00e7o, gratuito, por\u00e9m s\u00f3 pode ser oferecido a menores de 18 anos que ainda n\u00e3o possuem o documento. Para isso ser\u00e1 necess\u00e1rio apresentar a original da Certid\u00e3o de Nascimento e uma foto 3\/4 recente, colorida, e com fundo branco. Menores de 16 anos devem estar acompanhados dos pais ou respons\u00e1vel legal (portando a guarda ou tutela). Com idade entre 16 a menores de 18, basta a apresentar a certid\u00e3o e a foto.<\/p>\n<p>Para renova\u00e7\u00e3o (2\u00aa via) ser\u00e1 necess\u00e1rio pagar uma taxa de R$ 39,80 e apresentar original ou c\u00f3pia do RG anterior, foto 3\/4 recente, colorida, com fundo branco, certid\u00e3o de nascimento ou casamento atualizada, com averba\u00e7\u00e3o em caso de viuvez ou separa\u00e7\u00e3o. Est\u00e3o isentos da taxa desempregados, mediante apresenta\u00e7\u00e3o de carteira de trabalho, idosos (mulheres com idade acima de 60 anos e homens acima dos 64 anos).<\/p>\n<p>Ser\u00e3o emitidos apenas a 2\u00aa via de documentos do Estado de S\u00e3o Paulo.<\/p>\n","protected":false},"excerpt":{"rendered":"<p>A\u00e7\u00e3o \u00e9 uma parceria da Prefeitura e IIRGD e acontece na sede Departamento de Promo\u00e7\u00e3o Social; senhas devem ser retiradas<\/p>\n","protected":false},"author":1,"featured_media":2873,"comment_status":"closed","ping_status":"open","sticky":false,"template":"","format":"standard","meta":{"footnotes":""},"categories":[43,44,48],"tags":[],"class_list":["post-2872","post","type-post","status-publish","format-standard","has-post-thumbnail","hentry","category-assistenciasocial","category-cidades","category-featured"],"_links":{"self":[{"href":"https:\/\/www.santaritadopassaquatro.sp.gov.br\/portal\/wp-json\/wp\/v2\/posts\/2872","targetHints":{"allow":["GET"]}}],"collection":[{"href":"https:\/\/www.santaritadopassaquatro.sp.gov.br\/portal\/wp-json\/wp\/v2\/posts"}],"about":[{"href":"https:\/\/www.santaritadopassaquatro.sp.gov.br\/portal\/wp-json\/wp\/v2\/types\/post"}],"author":[{"embeddable":true,"href":"https:\/\/www.santaritadopassaquatro.sp.gov.br\/portal\/wp-json\/wp\/v2\/users\/1"}],"replies":[{"embeddable":true,"href":"https:\/\/www.santaritadopassaquatro.sp.gov.br\/portal\/wp-json\/wp\/v2\/comments?post=2872"}],"version-history":[{"count":0,"href":"https:\/\/www.santaritadopassaquatro.sp.gov.br\/portal\/wp-json\/wp\/v2\/posts\/2872\/revisions"}],"wp:featuredmedia":[{"embeddable":true,"href":"https:\/\/www.santaritadopassaquatro.sp.gov.br\/portal\/wp-json\/wp\/v2\/media\/2873"}],"wp:attachment":[{"href":"https:\/\/www.santaritadopassaquatro.sp.gov.br\/portal\/wp-json\/wp\/v2\/media?parent=2872"}],"wp:term":[{"taxonomy":"category","embeddable":true,"href":"https:\/\/www.santaritadopassaquatro.sp.gov.br\/portal\/wp-json\/wp\/v2\/categories?post=2872"},{"taxonomy":"post_tag","embeddable":true,"href":"https:\/\/www.santaritadopassaquatro.sp.gov.br\/portal\/wp-json\/wp\/v2\/tags?post=2872"}],"curies":[{"name":"wp","href":"https:\/\/api.w.org\/{rel}","templated":true}]}}