{"id":2884,"date":"2019-11-25T10:03:33","date_gmt":"2019-11-25T12:03:33","guid":{"rendered":"http:\/\/www.santaritadopassaquatro.sp.gov.br\/portal\/?p=2884"},"modified":"2019-11-25T10:03:33","modified_gmt":"2019-11-25T12:03:33","slug":"em-parceria-com-prefeitura-concurso-literario-chega-a-sua-5a-edicao","status":"publish","type":"post","link":"https:\/\/www.santaritadopassaquatro.sp.gov.br\/portal\/em-parceria-com-prefeitura-concurso-literario-chega-a-sua-5a-edicao\/","title":{"rendered":"Em parceria com Prefeitura, Concurso Liter\u00e1rio chega a sua 5\u00aa edi\u00e7\u00e3o"},"content":{"rendered":"<p><strong><em>Competi\u00e7\u00e3o \u00e9 promovida pela inciativa privada com apoio do Departamento Municipal de Educa\u00e7\u00e3o; premia\u00e7\u00e3o acontece na pr\u00f3xima quinta-feira<\/em><\/strong><\/p>\n<p>&nbsp;<\/p>\n<p><img decoding=\"async\" class=\"alignnone size-medium wp-image-2885 alignleft\" src=\"http:\/\/www.santaritadopassaquatro.sp.gov.br\/portal\/wp-content\/uploads\/2019\/11\/concurso-literario-300x200.jpg\" alt=\"\" width=\"300\" height=\"200\" srcset=\"https:\/\/www.santaritadopassaquatro.sp.gov.br\/portal\/wp-content\/uploads\/2019\/11\/concurso-literario-300x200.jpg 300w, https:\/\/www.santaritadopassaquatro.sp.gov.br\/portal\/wp-content\/uploads\/2019\/11\/concurso-literario-768x512.jpg 768w, https:\/\/www.santaritadopassaquatro.sp.gov.br\/portal\/wp-content\/uploads\/2019\/11\/concurso-literario-1024x683.jpg 1024w\" sizes=\"(max-width: 300px) 100vw, 300px\" \/>Iniciativa do setor privado com apoio do poder p\u00fablico valorizando a educa\u00e7\u00e3o e cultura santa-ritense, Concurso Liter\u00e1rio de Santa Rita do Passa Quatro, promovido pela empresa Bomsistema &#8211; Sistemas de Pressuriza\u00e7\u00e3o de Fluidos Ind. e Com. Ltda., em parceria com o Departamento de Educa\u00e7\u00e3o, da Prefeitura Mun icipal, chega a sua 5\u00aa edi\u00e7\u00e3o em 2019.<\/p>\n<p>O evento premia estudantes participantes em tr\u00eas categorias liter\u00e1rias: Conto, Poesia e Disserta\u00e7\u00e3o Cr\u00edtica. A premia\u00e7\u00e3o acontece na pr\u00f3xima quinta-feira (28\/11), a partir das 19 horas, no Centro Cultural M\u00e1rio Covas.<\/p>\n<p>Est\u00e3o concorrendo alunos das escolas da rede p\u00fablica e particular E.E Nelson Fernandes, E.E. Prof. Ignez Giaretta Sguerra, Sesi Salom\u00e3o Esper, Etec Manoel dos Reis Araujo, EMEF do CAIC Laura Suriane Barbuio, Col\u00e9gio Objetivo Santa Rita e Cooperativa de Ensino Santa Rita.<\/p>\n<p>O Concurso Liter\u00e1rio tem como objetivo revelar talentos da literatura local e estimular jovens na cria\u00e7\u00e3o liter\u00e1ria. O julgamento dever\u00e1 seguir crit\u00e9rios da Academia Santarritense de Letras, atrav\u00e9s de comiss\u00e3o julgadora composta por membros conhecedores e experientes em literatura.<\/p>\n<p>Todos os trabalhos inscritos s\u00e3o compilados em um livro, editado e distribu\u00eddo pela empresa promotora. Para comemora os cinco anos do concurso, o livro de 2019 tamb\u00e9m ir\u00e1 incluir as obras vencedoras nas quatro primeiras edi\u00e7\u00f5es do concurso.<\/p>\n<p>&nbsp;<\/p>\n<p>&nbsp;<\/p>\n<p><strong>FOTO:<\/strong> <em>Representantes da Bomsistema, Departamento de Educa\u00e7\u00e3o, professores e estudantes durante 4\u00ba Concurso Liter\u00e1rio, em 2018 (Arquivo\/AssCom\/Divulga\u00e7\u00e3o)<\/em><\/p>\n<p>&nbsp;<\/p>\n<p>&nbsp;<\/p>\n","protected":false},"excerpt":{"rendered":"<p>Competi\u00e7\u00e3o \u00e9 promovida pela inciativa privada com apoio do Departamento Municipal de Educa\u00e7\u00e3o; premia\u00e7\u00e3o acontece na pr\u00f3xima quinta-feira &nbsp; Iniciativa<\/p>\n","protected":false},"author":1,"featured_media":2885,"comment_status":"closed","ping_status":"open","sticky":false,"template":"","format":"standard","meta":{"footnotes":""},"categories":[46,28],"tags":[],"class_list":["post-2884","post","type-post","status-publish","format-standard","has-post-thumbnail","hentry","category-cultura","category-educacao"],"_links":{"self":[{"href":"https:\/\/www.santaritadopassaquatro.sp.gov.br\/portal\/wp-json\/wp\/v2\/posts\/2884","targetHints":{"allow":["GET"]}}],"collection":[{"href":"https:\/\/www.santaritadopassaquatro.sp.gov.br\/portal\/wp-json\/wp\/v2\/posts"}],"about":[{"href":"https:\/\/www.santaritadopassaquatro.sp.gov.br\/portal\/wp-json\/wp\/v2\/types\/post"}],"author":[{"embeddable":true,"href":"https:\/\/www.santaritadopassaquatro.sp.gov.br\/portal\/wp-json\/wp\/v2\/users\/1"}],"replies":[{"embeddable":true,"href":"https:\/\/www.santaritadopassaquatro.sp.gov.br\/portal\/wp-json\/wp\/v2\/comments?post=2884"}],"version-history":[{"count":1,"href":"https:\/\/www.santaritadopassaquatro.sp.gov.br\/portal\/wp-json\/wp\/v2\/posts\/2884\/revisions"}],"predecessor-version":[{"id":2886,"href":"https:\/\/www.santaritadopassaquatro.sp.gov.br\/portal\/wp-json\/wp\/v2\/posts\/2884\/revisions\/2886"}],"wp:featuredmedia":[{"embeddable":true,"href":"https:\/\/www.santaritadopassaquatro.sp.gov.br\/portal\/wp-json\/wp\/v2\/media\/2885"}],"wp:attachment":[{"href":"https:\/\/www.santaritadopassaquatro.sp.gov.br\/portal\/wp-json\/wp\/v2\/media?parent=2884"}],"wp:term":[{"taxonomy":"category","embeddable":true,"href":"https:\/\/www.santaritadopassaquatro.sp.gov.br\/portal\/wp-json\/wp\/v2\/categories?post=2884"},{"taxonomy":"post_tag","embeddable":true,"href":"https:\/\/www.santaritadopassaquatro.sp.gov.br\/portal\/wp-json\/wp\/v2\/tags?post=2884"}],"curies":[{"name":"wp","href":"https:\/\/api.w.org\/{rel}","templated":true}]}}