{"id":2890,"date":"2019-11-25T10:10:08","date_gmt":"2019-11-25T12:10:08","guid":{"rendered":"http:\/\/www.santaritadopassaquatro.sp.gov.br\/portal\/?p=2890"},"modified":"2019-11-25T10:10:08","modified_gmt":"2019-11-25T12:10:08","slug":"atletismo-de-santa-rita-disputa-finais-nos-jogos-escolares-da-juventude-em-blumenau","status":"publish","type":"post","link":"https:\/\/www.santaritadopassaquatro.sp.gov.br\/portal\/atletismo-de-santa-rita-disputa-finais-nos-jogos-escolares-da-juventude-em-blumenau\/","title":{"rendered":"Atletismo de Santa Rita disputa finais nos Jogos Escolares da Juventude em Blumenau"},"content":{"rendered":"<p><strong><em>Campe\u00e3o estadual nos 100 metros com barreira, atleta do projeto conjunto entre Prefeitura, Instituto Edson Luciano Ribeiro e Sesi-SP ir\u00e1 representar o munic\u00edpio na competi\u00e7\u00e3o nacional <\/em><\/strong><\/p>\n<p>&nbsp;<\/p>\n<p><img decoding=\"async\" class=\"alignnone size-medium wp-image-2891 alignleft\" src=\"http:\/\/www.santaritadopassaquatro.sp.gov.br\/portal\/wp-content\/uploads\/2019\/11\/atletismo_leandro-300x200.jpg\" alt=\"\" width=\"300\" height=\"200\" srcset=\"https:\/\/www.santaritadopassaquatro.sp.gov.br\/portal\/wp-content\/uploads\/2019\/11\/atletismo_leandro-300x200.jpg 300w, https:\/\/www.santaritadopassaquatro.sp.gov.br\/portal\/wp-content\/uploads\/2019\/11\/atletismo_leandro-768x512.jpg 768w, https:\/\/www.santaritadopassaquatro.sp.gov.br\/portal\/wp-content\/uploads\/2019\/11\/atletismo_leandro-1024x683.jpg 1024w\" sizes=\"(max-width: 300px) 100vw, 300px\" \/>Desde sua inaugura\u00e7\u00e3o, o Centro Ol\u00edmpico Municipal vem se tornando um verdadeiro celeiro para forma\u00e7\u00e3o de atletas em Santa Rita do Passa Quatro. O local recebe um projeto realizado em conjunto entre Prefeitura Municipal, atrav\u00e9s do Departamento Municipal de Esportes, Instituto Edson Luciano Ribeiro e Sesi-SP, com apoio da Caixa.<\/p>\n<p>Aos poucos, os resultados deste projeto come\u00e7am a aparecer, exemplo disso \u00e9 o atleta santa-ritense Leandro da Silva Ananias, atual campe\u00e3o estadual dos 100 metros com barreira, na categoria sub 15, que agora ir\u00e1 defender o munic\u00edpio na etapa nacional dos Jogos Escolares da Juventude, que acontece em Blumenau (SC).<\/p>\n<p>Considerado o maior evento estudantil do pa\u00eds, a competi\u00e7\u00e3o \u00e9 realizada pelo Comit\u00ea Ol\u00edmpico do Brasil (COB) e devem reunir nesta etapa final cerca de 5 mil jovens de todo o Brasil, com idades entre os 12 e 17 anos, entre os dias 16 e 30 novembro. Leandro viajou nesta quinta-feira (21\/11), e volta na pr\u00f3xima ter\u00e7a-feira (26\/11).<\/p>\n<p>O atleta santa-ritense \u00e9 treinado pelos professores Alderico Alexandre de Oliveira Filho e Matheus Benini, no Centro Ol\u00edmpico Municipal. No total, os projetos Correndo para Vencer (Instituto Edson Luciano) e Atleta do Futuro (Sesi) re\u00fanem cerca de 120 crian\u00e7as, entre alunos do CAIC e Sesi-SP, visando a forma\u00e7\u00e3o de atletas.<\/p>\n<p><strong><em>\u00a0<\/em><\/strong><\/p>\n<p><strong><em>FOTO: <\/em><\/strong><em>Prefeito, diretor do Departamento de Esportes e treinador, com o atleta Leandro Ananias, que disputa a etapa nacional dos Jogos Estudantis (AssCom\/Divulga\u00e7\u00e3o) <\/em><\/p>\n<p><strong><em>\u00a0<\/em><\/strong><\/p>\n","protected":false},"excerpt":{"rendered":"<p>Campe\u00e3o estadual nos 100 metros com barreira, atleta do projeto conjunto entre Prefeitura, Instituto Edson Luciano Ribeiro e Sesi-SP ir\u00e1<\/p>\n","protected":false},"author":1,"featured_media":2891,"comment_status":"closed","ping_status":"open","sticky":false,"template":"","format":"standard","meta":{"footnotes":""},"categories":[28,51,52],"tags":[],"class_list":["post-2890","post","type-post","status-publish","format-standard","has-post-thumbnail","hentry","category-educacao","category-sports","category-latest"],"_links":{"self":[{"href":"https:\/\/www.santaritadopassaquatro.sp.gov.br\/portal\/wp-json\/wp\/v2\/posts\/2890","targetHints":{"allow":["GET"]}}],"collection":[{"href":"https:\/\/www.santaritadopassaquatro.sp.gov.br\/portal\/wp-json\/wp\/v2\/posts"}],"about":[{"href":"https:\/\/www.santaritadopassaquatro.sp.gov.br\/portal\/wp-json\/wp\/v2\/types\/post"}],"author":[{"embeddable":true,"href":"https:\/\/www.santaritadopassaquatro.sp.gov.br\/portal\/wp-json\/wp\/v2\/users\/1"}],"replies":[{"embeddable":true,"href":"https:\/\/www.santaritadopassaquatro.sp.gov.br\/portal\/wp-json\/wp\/v2\/comments?post=2890"}],"version-history":[{"count":1,"href":"https:\/\/www.santaritadopassaquatro.sp.gov.br\/portal\/wp-json\/wp\/v2\/posts\/2890\/revisions"}],"predecessor-version":[{"id":2892,"href":"https:\/\/www.santaritadopassaquatro.sp.gov.br\/portal\/wp-json\/wp\/v2\/posts\/2890\/revisions\/2892"}],"wp:featuredmedia":[{"embeddable":true,"href":"https:\/\/www.santaritadopassaquatro.sp.gov.br\/portal\/wp-json\/wp\/v2\/media\/2891"}],"wp:attachment":[{"href":"https:\/\/www.santaritadopassaquatro.sp.gov.br\/portal\/wp-json\/wp\/v2\/media?parent=2890"}],"wp:term":[{"taxonomy":"category","embeddable":true,"href":"https:\/\/www.santaritadopassaquatro.sp.gov.br\/portal\/wp-json\/wp\/v2\/categories?post=2890"},{"taxonomy":"post_tag","embeddable":true,"href":"https:\/\/www.santaritadopassaquatro.sp.gov.br\/portal\/wp-json\/wp\/v2\/tags?post=2890"}],"curies":[{"name":"wp","href":"https:\/\/api.w.org\/{rel}","templated":true}]}}